{"id":1226994,"date":"2021-05-10T23:38:17","date_gmt":"2021-05-11T04:38:17","guid":{"rendered":"https:\/\/www.acapulco.press\/?p=1226994"},"modified":"2021-05-10T23:38:17","modified_gmt":"2021-05-11T04:38:17","slug":"la-unidad-de-la-alianza-se-siente-y-vamos-a-ganar-este-6-de-junio-augura-hector-vicario","status":"publish","type":"post","link":"https:\/\/www.acapulcopress.com\/index.php\/2021\/05\/10\/la-unidad-de-la-alianza-se-siente-y-vamos-a-ganar-este-6-de-junio-augura-hector-vicario\/","title":{"rendered":"\u00ab\u00a1La unidad de la alianza se siente y vamos a ganar este 6 de junio!\u00bb, augura H\u00e9ctor Vicario"},"content":{"rendered":"<p style=\"text-align: justify;\">] IGUALA. &#8216; 10 de mayo de 2021.<br \/>\n<em>) Especial.<\/em><\/p>\n<p style=\"text-align: justify;\">H\u00e9ctor Vicario Castrej\u00f3n, candidato de la coalici\u00f3n PRI\/PRD a la Diputaci\u00f3n local por el Distrito 23, acompa\u00f1\u00f3 al pr\u00f3ximo gobernador de Guerrero, Mario Moreno Arcos, durante su visita al municipio, donde con sus compa\u00f1eros de f\u00f3rmula partidista, David Gama, candidato a presidente municipal, y Aracely Alvarado, candidata a diputada federal, y recorrieron las calles de Coacoyula, mientras eran arrobados por una multitud de militantes.<\/p>\n<p style=\"text-align: justify;\">\u00abNos comprometimos a gestionar acciones para la rehabilitaci\u00f3n de caminos y carreteras las cuales necesitan estar en buenas condiciones para el transporte de las personas y de su producci\u00f3n. La unidad de esta alianza se siente y con el respaldo de la gente \u00a1Vamos este 6 de junio por la victoria!\u00bb, dej\u00f3 claro Vicario Castrej\u00f3n.<\/p>\n\n","protected":false},"excerpt":{"rendered":"<p>] IGUALA. &#8216; 10 de mayo de 2021. ) Especial. H\u00e9ctor Vicario Castrej\u00f3n, candidato de la coalici\u00f3n PRI\/PRD a la Diputaci\u00f3n local por el Distrito 23, acompa\u00f1\u00f3 al pr\u00f3ximo gobernador de Guerrero, Mario Moreno Arcos, durante su visita al municipio, donde con sus compa\u00f1eros de f\u00f3rmula partidista, David Gama, candidato a presidente municipal, y Aracely&#8230;<\/p>\n","protected":false},"author":2,"featured_media":1226999,"comment_status":"closed","ping_status":"closed","sticky":false,"template":"","format":"standard","meta":{"footnotes":""},"categories":[2052,18561],"tags":[5938,9738,12685],"class_list":["post-1226994","post","type-post","status-publish","format-standard","has-post-thumbnail","hentry","category-elecciones","category-society-politics","tag-coalicion-pri-prd","tag-hector-vicario-castrejon","tag-mario-moreno-arcos"],"_links":{"self":[{"href":"https:\/\/www.acapulcopress.com\/index.php\/wp-json\/wp\/v2\/posts\/1226994","targetHints":{"allow":["GET"]}}],"collection":[{"href":"https:\/\/www.acapulcopress.com\/index.php\/wp-json\/wp\/v2\/posts"}],"about":[{"href":"https:\/\/www.acapulcopress.com\/index.php\/wp-json\/wp\/v2\/types\/post"}],"author":[{"embeddable":true,"href":"https:\/\/www.acapulcopress.com\/index.php\/wp-json\/wp\/v2\/users\/2"}],"replies":[{"embeddable":true,"href":"https:\/\/www.acapulcopress.com\/index.php\/wp-json\/wp\/v2\/comments?post=1226994"}],"version-history":[{"count":0,"href":"https:\/\/www.acapulcopress.com\/index.php\/wp-json\/wp\/v2\/posts\/1226994\/revisions"}],"wp:featuredmedia":[{"embeddable":true,"href":"https:\/\/www.acapulcopress.com\/index.php\/wp-json\/"}],"wp:attachment":[{"href":"https:\/\/www.acapulcopress.com\/index.php\/wp-json\/wp\/v2\/media?parent=1226994"}],"wp:term":[{"taxonomy":"category","embeddable":true,"href":"https:\/\/www.acapulcopress.com\/index.php\/wp-json\/wp\/v2\/categories?post=1226994"},{"taxonomy":"post_tag","embeddable":true,"href":"https:\/\/www.acapulcopress.com\/index.php\/wp-json\/wp\/v2\/tags?post=1226994"}],"curies":[{"name":"wp","href":"https:\/\/api.w.org\/{rel}","templated":true}]}}