{"id":1227015,"date":"2021-05-10T23:49:34","date_gmt":"2021-05-11T04:49:34","guid":{"rendered":"https:\/\/www.acapulco.press\/?p=1227015"},"modified":"2021-05-10T23:49:34","modified_gmt":"2021-05-11T04:49:34","slug":"angel-irra-por-un-lado-trabajo-por-el-otro-solo-la-marca","status":"publish","type":"post","link":"https:\/\/www.acapulcopress.com\/index.php\/2021\/05\/10\/angel-irra-por-un-lado-trabajo-por-el-otro-solo-la-marca\/","title":{"rendered":"\u00c1ngel Irra | Por un lado, trabajo; por el otro, solo la marca"},"content":{"rendered":"<p style=\"text-align: justify;\">Un Rapid\u00edn<br \/>\n] con \u00c1ngel Irra Carceda<br \/>\n<em>\u00bb angelirracar@hotmail.com.<\/em><\/p>\n<p style=\"text-align: justify;\">A solo 27 d\u00edas para la elecci\u00f3n y, as\u00ed, as\u00ed, en serio, los candidatos de Morena no dan una.<\/p>\n<p style=\"text-align: justify;\">En todo Guerrero le siguen apostando a la marca (Morena), y a que la abrumadora fuerza de AMLO en el 2018, se replique ahora, sin aparecer en la boleta electoral.<\/p>\n<p style=\"text-align: justify;\">Por ejemplo, en Acapulco, Abelina L\u00f3pez no logr\u00f3 despuntar en la disputa por la Alcald\u00eda.<\/p>\n<p style=\"text-align: justify;\">Taja, el que dicen que no se raja, le lleva la gran delantera a esta mujer que, con todo desparpajo, revel\u00f3 que lleg\u00f3 a $obornar a un juez.<\/p>\n<p style=\"text-align: justify;\">De ese tama\u00f1o la candidata morenista que asegura que combatir\u00e1 la corrupci\u00f3n.<\/p>\n<p style=\"text-align: justify;\">Ocurre algo similar en Chilpancingo, con Norma Otilia Hern\u00e1ndez, q uien adem\u00e1s enfrenta la oposici\u00f3n de sus propios correligionarios, porque estos sostienen que su candidatura fue producto de una grosera imposici\u00f3n.<\/p>\n<p style=\"text-align: justify;\">Adelantan que, debido a eso, le aplicar\u00e1n el voto de castigo, ya que adem\u00e1s los marginaron en la conformaci\u00f3n de la planilla (s\u00edndicos y regidores) para el Ayuntamiento.<\/p>\n<p style=\"text-align: justify;\">Alejandro Arcos Catal\u00e1n, por la alianza PRI-PRD, se ha afianzado en la campa\u00f1a, y por si fuera poco en Chilpancingo sus gestor\u00edas han dejado beneficios a habitantes de muchas colonias y comunidades, lo que no puede presumir la candidata de Morena a su paso por el Congreso local.<\/p>\n<p style=\"text-align: justify;\">Los candidatos de la alianza PRI-PRD al Congreso local por los distritos 01 y 02, Fernando Calixto y C\u00e9sar Armenta, respectivamente, mantienen el ritmo en sus campa\u00f1as, y sus oponentes simple y sencillamente solo los ven avanzar.<\/p>\n<p>Y en el distrito 07 federal, Beatriz V\u00e9lez N\u00fa\u00f1ez sigue con paso firme, mientras que su oponente de parte de Morena sigue echado en la hamaca, como lo ha hecho en ocasiones anteriores, solo esperando que la marca (Morena) lo mantenga pegado a la ubre.<\/p>\n<p style=\"text-align: justify;\">En la zona Norte ni se diga. H\u00e9ctor Vicario Castrej\u00f3n realiza una campa\u00f1a de territorio, eficaz y cercana a la gente, y ya hasta jala la carreta para que la alianza gane las alcald\u00edas que comprenden ese distrito, el 23 local.<\/p>\n<p style=\"text-align: justify;\">A nivel estatal Mario Moreno Arcos no para de sumar seguidores, mientras que por el otro lado, con el principal oponente (Morena), ya ni se sabe qui\u00e9n es el verdadero candidato a la gubernatura.<\/p>\n<p style=\"text-align: justify;\">Lo digo porque hasta en sus comunicados de prensa, Evelyn Salgado ocupa el segundo plano, y F\u00e9lix Salgado el protag\u00f3nico.<\/p>\n","protected":false},"excerpt":{"rendered":"<p>Un Rapid\u00edn ] con \u00c1ngel Irra Carceda \u00bb angelirracar@hotmail.com. A solo 27 d\u00edas para la elecci\u00f3n y, as\u00ed, as\u00ed, en serio, los candidatos de Morena no dan una. En todo Guerrero le siguen apostando a la marca (Morena), y a que la abrumadora fuerza de AMLO en el 2018, se replique ahora, sin aparecer en&#8230;<\/p>\n","protected":false},"author":2,"featured_media":1227016,"comment_status":"closed","ping_status":"closed","sticky":false,"template":"","format":"standard","meta":{"footnotes":""},"categories":[2071,1991],"tags":[3793,3938,14804,14914,17511],"class_list":["post-1227015","post","type-post","status-publish","format-standard","has-post-thumbnail","hentry","category-opinion-analisis-columnas","category-libertad-de-expresion","tag-amlo","tag-angel-irra-carceda","tag-prd","tag-pri","tag-un-rapidin"],"_links":{"self":[{"href":"https:\/\/www.acapulcopress.com\/index.php\/wp-json\/wp\/v2\/posts\/1227015","targetHints":{"allow":["GET"]}}],"collection":[{"href":"https:\/\/www.acapulcopress.com\/index.php\/wp-json\/wp\/v2\/posts"}],"about":[{"href":"https:\/\/www.acapulcopress.com\/index.php\/wp-json\/wp\/v2\/types\/post"}],"author":[{"embeddable":true,"href":"https:\/\/www.acapulcopress.com\/index.php\/wp-json\/wp\/v2\/users\/2"}],"replies":[{"embeddable":true,"href":"https:\/\/www.acapulcopress.com\/index.php\/wp-json\/wp\/v2\/comments?post=1227015"}],"version-history":[{"count":0,"href":"https:\/\/www.acapulcopress.com\/index.php\/wp-json\/wp\/v2\/posts\/1227015\/revisions"}],"wp:featuredmedia":[{"embeddable":true,"href":"https:\/\/www.acapulcopress.com\/index.php\/wp-json\/"}],"wp:attachment":[{"href":"https:\/\/www.acapulcopress.com\/index.php\/wp-json\/wp\/v2\/media?parent=1227015"}],"wp:term":[{"taxonomy":"category","embeddable":true,"href":"https:\/\/www.acapulcopress.com\/index.php\/wp-json\/wp\/v2\/categories?post=1227015"},{"taxonomy":"post_tag","embeddable":true,"href":"https:\/\/www.acapulcopress.com\/index.php\/wp-json\/wp\/v2\/tags?post=1227015"}],"curies":[{"name":"wp","href":"https:\/\/api.w.org\/{rel}","templated":true}]}}