{"id":1227023,"date":"2021-05-10T23:59:43","date_gmt":"2021-05-11T04:59:43","guid":{"rendered":"https:\/\/www.acapulco.press\/?p=1227023"},"modified":"2021-05-10T23:59:43","modified_gmt":"2021-05-11T04:59:43","slug":"fiscalia-guerrero-vincula-a-proceso-a-un-feminicida-de-tlapa","status":"publish","type":"post","link":"https:\/\/www.acapulcopress.com\/index.php\/2021\/05\/10\/fiscalia-guerrero-vincula-a-proceso-a-un-feminicida-de-tlapa\/","title":{"rendered":"Fiscal\u00eda Guerrero vincula a proceso a un feminicida de Tlapa"},"content":{"rendered":"<p style=\"text-align: justify;\">] CHILPANCINGO. &#8216; 10 de mayo de 2021.<br \/>\n<em>) <a href=\"https:\/\/fiscaliaguerrero.gob.mx\" target=\"_blank\" rel=\"noopener\">https:\/\/fiscaliaguerrero.gob.mx<\/a>.<\/em><\/p>\n<p style=\"text-align: justify;\">El Ministerio P\u00fablico con sede en Tlapa de Comonfort obtuvo vinculaci\u00f3n a proceso en contra de Jos\u00e9 \u00abN\u00bb, acusado como probable responsable del delito de Feminicidio.<\/p>\n<p style=\"text-align: justify;\">En la carpeta judicial C-111\/2021 el imputado es acusado que el d\u00eda 25 de diciembre de 2020 luego de llegar al domicilio en la colonia Jard\u00edn de Ni\u00f1os, de la ciudad de Tlapa, le provoc\u00f3 golpes de gravedad a la v\u00edctima que le provoco perdiera la vida.<\/p>\n<p style=\"text-align: justify;\">En audiencia inicial se formul\u00f3 imputaci\u00f3n, se expusieron los datos de prueba y el Juez de Control y Enjuiciamiento Penal dict\u00f3 vincular a proceso al imputado por el delito de Feminicidio, decret\u00f3 cuatro meses de investigaci\u00f3n complementaria y qued\u00f3 interno en el Centro de Reinserci\u00f3n Social de esa ciudad bajo la medida cautelar de prisi\u00f3n preventiva oficiosa.<\/p>\n<p style=\"text-align: justify;\">La Fiscal\u00eda General del Estado continuar\u00e1 investigando los delitos del fuero com\u00fan y con especial seguimiento los cometidos en temas de igualdad de g\u00e9nero y menores de edad en el estado de Guerrero.<\/p>\n","protected":false},"excerpt":{"rendered":"<p>] CHILPANCINGO. &#8216; 10 de mayo de 2021. ) https:\/\/fiscaliaguerrero.gob.mx. El Ministerio P\u00fablico con sede en Tlapa de Comonfort obtuvo vinculaci\u00f3n a proceso en contra de Jos\u00e9 \u00abN\u00bb, acusado como probable responsable del delito de Feminicidio. En la carpeta judicial C-111\/2021 el imputado es acusado que el d\u00eda 25 de diciembre de 2020 luego de&#8230;<\/p>\n","protected":false},"author":2,"featured_media":1227024,"comment_status":"closed","ping_status":"closed","sticky":false,"template":"","format":"standard","meta":{"footnotes":""},"categories":[18561,2005],"tags":[8682,10946,14737],"class_list":["post-1227023","post","type-post","status-publish","format-standard","has-post-thumbnail","hentry","category-society-politics","category-seguridad-y-justicia","tag-fiscalia-general-de-guerrero-fge","tag-jorge-zuriel-de-los-santos-barrila","tag-policia-ministerial-de-guerrero"],"_links":{"self":[{"href":"https:\/\/www.acapulcopress.com\/index.php\/wp-json\/wp\/v2\/posts\/1227023","targetHints":{"allow":["GET"]}}],"collection":[{"href":"https:\/\/www.acapulcopress.com\/index.php\/wp-json\/wp\/v2\/posts"}],"about":[{"href":"https:\/\/www.acapulcopress.com\/index.php\/wp-json\/wp\/v2\/types\/post"}],"author":[{"embeddable":true,"href":"https:\/\/www.acapulcopress.com\/index.php\/wp-json\/wp\/v2\/users\/2"}],"replies":[{"embeddable":true,"href":"https:\/\/www.acapulcopress.com\/index.php\/wp-json\/wp\/v2\/comments?post=1227023"}],"version-history":[{"count":0,"href":"https:\/\/www.acapulcopress.com\/index.php\/wp-json\/wp\/v2\/posts\/1227023\/revisions"}],"wp:featuredmedia":[{"embeddable":true,"href":"https:\/\/www.acapulcopress.com\/index.php\/wp-json\/"}],"wp:attachment":[{"href":"https:\/\/www.acapulcopress.com\/index.php\/wp-json\/wp\/v2\/media?parent=1227023"}],"wp:term":[{"taxonomy":"category","embeddable":true,"href":"https:\/\/www.acapulcopress.com\/index.php\/wp-json\/wp\/v2\/categories?post=1227023"},{"taxonomy":"post_tag","embeddable":true,"href":"https:\/\/www.acapulcopress.com\/index.php\/wp-json\/wp\/v2\/tags?post=1227023"}],"curies":[{"name":"wp","href":"https:\/\/api.w.org\/{rel}","templated":true}]}}