{"id":1227029,"date":"2021-05-11T00:17:10","date_gmt":"2021-05-11T05:17:10","guid":{"rendered":"https:\/\/www.acapulco.press\/?p=1227029"},"modified":"2021-05-11T00:17:10","modified_gmt":"2021-05-11T05:17:10","slug":"las-mujeres-seran-las-mejores-aliadas-de-mi-gobierno-mario-moreno","status":"publish","type":"post","link":"https:\/\/www.acapulcopress.com\/index.php\/2021\/05\/11\/las-mujeres-seran-las-mejores-aliadas-de-mi-gobierno-mario-moreno\/","title":{"rendered":"Las mujeres ser\u00e1n las mejores aliadas de mi gobierno | Mario Moreno"},"content":{"rendered":"<p style=\"text-align: justify;\">] ACAPULCO. &#8216; 10 de mayo de 2021.<br \/>\n<em>) Especial.<\/em><\/p>\n<p style=\"text-align: justify;\">Para el candidato de la alianza PRI-PRD Mario Moreno Arcos, \u00ablas mujeres son el pilar de las familias y las mejores aliadas para su gobierno\u00bb, por eso desde el inicio de su campa\u00f1a ha dicho que \u00abtrabajar\u00e1 incansablemente por las <img loading=\"lazy\" decoding=\"async\" class=\"alignleft size-medium wp-image-1227030\" src=\"https:\/\/www.acapulco.press\/wp-content\/uploads\/2021\/05\/MUJERES-ALIADAS-375x250.jpeg\" alt=\"\" width=\"375\" height=\"250\" \/>mujeres y las madres guerrerenses\u00bb y como prueba de ello los compromisos firmados con las mujeres en marzo 7, que convertir\u00e1 en pol\u00edtica de su gobierno.<\/p>\n<p style=\"text-align: justify;\">Con motivo del 10 de mayo, acudi\u00f3 como invitado a un evento con m\u00e1s de mil mujeres, en donde hizo extensivo el reconocimiento para todas las mam\u00e1s, y reiter\u00f3 que la mitad de los integrantes de su gabinete ser\u00e1n mujeres que ocupar\u00e1n puestos de relevancia para la toma de decisiones; que se capacitar\u00e1 a todos los servidores p\u00fablicos sobre la cultura de g\u00e9nero y de igualdad sustantiva.<\/p>\n<p style=\"text-align: justify;\"><img loading=\"lazy\" decoding=\"async\" class=\"alignleft size-medium wp-image-1227037\" src=\"https:\/\/www.acapulco.press\/wp-content\/uploads\/2021\/05\/MUJERES-ALIADAS5-375x211.jpeg\" alt=\"\" width=\"375\" height=\"211\" \/>Agreg\u00f3, que las mujeres ser\u00e1n en su gobierno un sector prioritario, pues desde el primer d\u00eda se iniciar\u00e1 la instalaci\u00f3n de las estancias infantiles, que Morena les quit\u00f3 a las madres trabajadoras y el otorgamiento de cr\u00e9ditos a madres emprendedoras.<\/p>\n<p style=\"text-align: justify;\">Como parte de esos compromisos tambi\u00e9n promover\u00e1 ante el Congreso de Guerrero, la creaci\u00f3n de la Fiscal\u00eda Especializada y la adecuaci\u00f3n del marco jur\u00eddico para atender todos los delitos que agravian a la mujer, como una de las <img loading=\"lazy\" decoding=\"async\" class=\"alignleft size-medium wp-image-1227038\" src=\"https:\/\/www.acapulco.press\/wp-content\/uploads\/2021\/05\/MUJERES-ALIADAS6-375x211.jpeg\" alt=\"\" width=\"375\" height=\"211\" \/>acciones inmediatas. As\u00ed como la creaci\u00f3n de los centros integrales de justicia para atender a las v\u00edctimas de violencia, con asesor\u00eda jur\u00eddica gratuita.<\/p>\n<p style=\"text-align: justify;\">En el puerto de Acapulco recibi\u00f3 la adhesi\u00f3n de Erick Ch\u00e1vez N\u00e1jera, ex precandidato de Morena a la diputaci\u00f3n local, que se suma a muchos aliados m\u00e1s que en todo el territorio estatal han ido fortaleciendo la alianza: \u00abse han estado sumando todos los d\u00edas porque este proyecto tiene rumbo, tiene visi\u00f3n de futuro\u00bb enfatiz\u00f3.<\/p>\n<p style=\"text-align: justify;\"><img loading=\"lazy\" decoding=\"async\" class=\"alignleft size-medium wp-image-1227037\" src=\"https:\/\/www.acapulco.press\/wp-content\/uploads\/2021\/05\/MUJERES-ALIADAS5-375x211.jpeg\" alt=\"\" width=\"375\" height=\"211\" \/>M\u00e1s tarde, Moreno Arcos acompa\u00f1ado de Ricardo Taja, recibi\u00f3 el respaldo de todos los transportistas de la zona Sur del puerto con quienes se reuni\u00f3 en sus instalaciones de la Casa del Taxista a donde le invitaron a comentarles los planes que tiene para ellos y aprovecharon para expresarle su voto de confianza para el proyecto que encabeza a trav\u00e9s de la alianza PRI-PRD.<\/p>\n<p style=\"text-align: justify;\">Ah\u00ed el candidato al gobierno de Guerrero abund\u00f3 sobre su inter\u00e9s de crear el Instituto del Transporte de Guerrero, o la Secretaria del Transporte y Movilidad, para que puedan gozar de distintos beneficios los trabajadores de este sector entre los que est\u00e1n consideradas las becas para sus hijos, la reconversi\u00f3n de las unidades, el seguro de vida de los choferes, entre otras m\u00e1s.<\/p>\n<p style=\"text-align: justify;\">Han sido cientos de transportistas de las distintas regiones del estado que se han sumado al proyecto ganador de Mario Moreno Arcos, en quien conf\u00edan para gobernar Guerrero por lo que le apoyar\u00e1n con su voto el pr\u00f3ximo 6 de junio.<\/p>\n\n","protected":false},"excerpt":{"rendered":"<p>] ACAPULCO. &#8216; 10 de mayo de 2021. ) Especial. Para el candidato de la alianza PRI-PRD Mario Moreno Arcos, \u00ablas mujeres son el pilar de las familias y las mejores aliadas para su gobierno\u00bb, por eso desde el inicio de su campa\u00f1a ha dicho que \u00abtrabajar\u00e1 incansablemente por las mujeres y las madres guerrerenses\u00bb&#8230;<\/p>\n","protected":false},"author":2,"featured_media":1227035,"comment_status":"closed","ping_status":"closed","sticky":false,"template":"","format":"standard","meta":{"footnotes":""},"categories":[2053,1972],"tags":[2914,5941,12685],"class_list":["post-1227029","post","type-post","status-publish","format-standard","has-post-thumbnail","hentry","category-elecciones-special","category-special","tag-vaxguerrero","tag-coalicion-pri-prd-eleccion-guerrero-2021","tag-mario-moreno-arcos"],"_links":{"self":[{"href":"https:\/\/www.acapulcopress.com\/index.php\/wp-json\/wp\/v2\/posts\/1227029","targetHints":{"allow":["GET"]}}],"collection":[{"href":"https:\/\/www.acapulcopress.com\/index.php\/wp-json\/wp\/v2\/posts"}],"about":[{"href":"https:\/\/www.acapulcopress.com\/index.php\/wp-json\/wp\/v2\/types\/post"}],"author":[{"embeddable":true,"href":"https:\/\/www.acapulcopress.com\/index.php\/wp-json\/wp\/v2\/users\/2"}],"replies":[{"embeddable":true,"href":"https:\/\/www.acapulcopress.com\/index.php\/wp-json\/wp\/v2\/comments?post=1227029"}],"version-history":[{"count":0,"href":"https:\/\/www.acapulcopress.com\/index.php\/wp-json\/wp\/v2\/posts\/1227029\/revisions"}],"wp:featuredmedia":[{"embeddable":true,"href":"https:\/\/www.acapulcopress.com\/index.php\/wp-json\/"}],"wp:attachment":[{"href":"https:\/\/www.acapulcopress.com\/index.php\/wp-json\/wp\/v2\/media?parent=1227029"}],"wp:term":[{"taxonomy":"category","embeddable":true,"href":"https:\/\/www.acapulcopress.com\/index.php\/wp-json\/wp\/v2\/categories?post=1227029"},{"taxonomy":"post_tag","embeddable":true,"href":"https:\/\/www.acapulcopress.com\/index.php\/wp-json\/wp\/v2\/tags?post=1227029"}],"curies":[{"name":"wp","href":"https:\/\/api.w.org\/{rel}","templated":true}]}}