{"id":1227075,"date":"2021-05-11T01:21:35","date_gmt":"2021-05-11T06:21:35","guid":{"rendered":"https:\/\/www.acapulco.press\/?p=1227075"},"modified":"2021-05-11T01:21:35","modified_gmt":"2021-05-11T06:21:35","slug":"va-estados-unidos-contra-cabeza-de-vaca","status":"publish","type":"post","link":"https:\/\/www.acapulcopress.com\/index.php\/2021\/05\/11\/va-estados-unidos-contra-cabeza-de-vaca\/","title":{"rendered":"Va Estados Unidos contra Cabeza de Vaca"},"content":{"rendered":"<p style=\"text-align: justify;\">] WASHINGTON. &#8216; 10 de mayo de 2021.<br \/>\n<em>) <a href=\"https:\/\/latinus.us\/2021\/05\/10\/estados-unidos-entrega-informa-mexico-operaciones-financieras-ilicitas-garcia-cabeza-vaca-fgr\/\" target=\"_blank\" rel=\"noopener\">Latinus<\/a>.<\/em><\/p>\n<p style=\"text-align: justify;\">El Gobierno de Estados Unidos envi\u00f3 a M\u00e9xico informaci\u00f3n sobre presuntas operaciones financieras il\u00edcitas cometidas por el gobernador Francisco Garc\u00eda Cabeza de Vaca y su familia, inform\u00f3 este lunes la Fiscal\u00eda General de la Rep\u00fablica (FGR).<\/p>\n<p style=\"text-align: justify;\">De acuerdo con la FGR, el Departamento de Justicia del Gobierno de los Estados Unidos inform\u00f3 respecto a las posibles responsabilidades penales de Francisco Javier Garc\u00eda Cabeza de Vaca, as\u00ed como a sus hermanos Ismael, Jos\u00e9 Manuel, y su suegro Jos\u00e9 Ram\u00f3n \u201cC\u201d por presuntas transacciones ilegales en diversas empresas comerciales.<\/p>\n<p style=\"text-align: justify;\">El Departamento de Justicia estadounidense notific\u00f3 sobre las responsabilidades del gobernador de Tamaulipas y su familia en diversas empresas comerciales, desarrolladoras e industriales, vinculadas con irregularidades bancarias, transferencias monetarias ilegales y operaciones il\u00edcitas.<\/p>\n<p style=\"text-align: justify;\">\u201cPor ser nuevas probanzas que las autoridades de procuraci\u00f3n de justicia mexicanas acaban de recibir, se integrar\u00e1n a la carpeta de investigaci\u00f3n correspondiente\u201d, indic\u00f3 la FGR a trav\u00e9s de un comunicado sin dar m\u00e1s detalles.<\/p>\n<p style=\"text-align: justify;\">El pasado 30 de abril, el Congreso federal aprob\u00f3 la solicitud de la FGR de desaforar a Garc\u00eda Cabeza de Vaca, acusado de delincuencia organizada, operaci\u00f3n de recursos con procedencia il\u00edcita y fraude fiscal.<\/p>\n<p style=\"text-align: justify;\">El Congreso de Tamaulipas, donde el PAN tiene la mayor\u00eda, rechaz\u00f3 el desafuero del gobernador.<\/p>\n<p style=\"text-align: justify;\">Desde el a\u00f1o pasado, la FGR indagaba al gobernador panista tras obtener audios telef\u00f3nicos conseguidos por la Agencia Antidrogas de Estados Unidos (DEA, por sus siglas en ingl\u00e9s).<\/p>\n<p style=\"text-align: justify;\">Garc\u00eda Cabeza de Vaca, de Acci\u00f3n Nacional, ha denunciado una persecuci\u00f3n pol\u00edtica en su contra. El caso genera inter\u00e9s porque M\u00e9xico tendr\u00e1 las elecciones el pr\u00f3ximo 6 de junio, cuando casi 93.5 millones est\u00e1n llamados a votar por los 500 diputados federales, 15 de 32 gubernaturas, 30 Congresos locales y mil 900 Ayuntamientos.<\/p>\n<p style=\"text-align: justify;\">El gobernador Garc\u00eda Cabeza de Vaca, electo de 2016 a 2022, tambi\u00e9n figura en la denuncia del exdirector de Pemex, Emilio Lozoya, contra legisladores del PAN, a quienes acusa de recibir sobornos de Odebrecht en 2013 para aprobar la reforma energ\u00e9tica del entonces presidente Enrique Pe\u00f1a Nieto.<\/p>\n","protected":false},"excerpt":{"rendered":"<p>] WASHINGTON. &#8216; 10 de mayo de 2021. ) Latinus. El Gobierno de Estados Unidos envi\u00f3 a M\u00e9xico informaci\u00f3n sobre presuntas operaciones financieras il\u00edcitas cometidas por el gobernador Francisco Garc\u00eda Cabeza de Vaca y su familia, inform\u00f3 este lunes la Fiscal\u00eda General de la Rep\u00fablica (FGR). De acuerdo con la FGR, el Departamento de Justicia&#8230;<\/p>\n","protected":false},"author":2,"featured_media":1227076,"comment_status":"closed","ping_status":"closed","sticky":false,"template":"","format":"standard","meta":{"footnotes":""},"categories":[1997],"tags":[],"class_list":["post-1227075","post","type-post","status-publish","format-standard","has-post-thumbnail","hentry","category-noticias-destacadas"],"_links":{"self":[{"href":"https:\/\/www.acapulcopress.com\/index.php\/wp-json\/wp\/v2\/posts\/1227075","targetHints":{"allow":["GET"]}}],"collection":[{"href":"https:\/\/www.acapulcopress.com\/index.php\/wp-json\/wp\/v2\/posts"}],"about":[{"href":"https:\/\/www.acapulcopress.com\/index.php\/wp-json\/wp\/v2\/types\/post"}],"author":[{"embeddable":true,"href":"https:\/\/www.acapulcopress.com\/index.php\/wp-json\/wp\/v2\/users\/2"}],"replies":[{"embeddable":true,"href":"https:\/\/www.acapulcopress.com\/index.php\/wp-json\/wp\/v2\/comments?post=1227075"}],"version-history":[{"count":0,"href":"https:\/\/www.acapulcopress.com\/index.php\/wp-json\/wp\/v2\/posts\/1227075\/revisions"}],"wp:featuredmedia":[{"embeddable":true,"href":"https:\/\/www.acapulcopress.com\/index.php\/wp-json\/"}],"wp:attachment":[{"href":"https:\/\/www.acapulcopress.com\/index.php\/wp-json\/wp\/v2\/media?parent=1227075"}],"wp:term":[{"taxonomy":"category","embeddable":true,"href":"https:\/\/www.acapulcopress.com\/index.php\/wp-json\/wp\/v2\/categories?post=1227075"},{"taxonomy":"post_tag","embeddable":true,"href":"https:\/\/www.acapulcopress.com\/index.php\/wp-json\/wp\/v2\/tags?post=1227075"}],"curies":[{"name":"wp","href":"https:\/\/api.w.org\/{rel}","templated":true}]}}