{"id":1227082,"date":"2021-05-11T20:42:59","date_gmt":"2021-05-12T01:42:59","guid":{"rendered":"https:\/\/www.acapulco.press\/?p=1227082"},"modified":"2021-05-11T20:42:59","modified_gmt":"2021-05-12T01:42:59","slug":"por-violencia-intrafamiliar-policia-ministerial-captura-a-un-individuo-en-san-marcos","status":"publish","type":"post","link":"https:\/\/www.acapulcopress.com\/index.php\/2021\/05\/11\/por-violencia-intrafamiliar-policia-ministerial-captura-a-un-individuo-en-san-marcos\/","title":{"rendered":"Por violencia intrafamiliar Polic\u00eda Ministerial captura a un individuo en San Marcos"},"content":{"rendered":"<p>] ACAPULCO. &#8216; 11 de mayo de 2021.<br \/>\n<em>) <a href=\"https:\/\/fiscaliaguerrero.gob.mx\" target=\"_blank\" rel=\"noopener\">https:\/\/fiscaliaguerrero.gob.mx<\/a>.<\/em><\/p>\n<p style=\"text-align: justify;\">Fiscal\u00eda de Guerrero a trav\u00e9s de la Polic\u00eda Investigadora Ministerial de San Marcos, regi\u00f3n Costa Chica, dio cumplimiento a la orden de aprehensi\u00f3n en contra de quien dijo llamarse Edilberto \u00abN\u00bb, detenido como probable responsable del delito de Violencia Intrafamiliar, hechos en la causa penal 189\/2014-II, quedando a disposici\u00f3n del Juez del Distrito Judicial de Tabares.<\/p>\n","protected":false},"excerpt":{"rendered":"<p>] ACAPULCO. &#8216; 11 de mayo de 2021. ) https:\/\/fiscaliaguerrero.gob.mx. Fiscal\u00eda de Guerrero a trav\u00e9s de la Polic\u00eda Investigadora Ministerial de San Marcos, regi\u00f3n Costa Chica, dio cumplimiento a la orden de aprehensi\u00f3n en contra de quien dijo llamarse Edilberto \u00abN\u00bb, detenido como probable responsable del delito de Violencia Intrafamiliar, hechos en la causa penal&#8230;<\/p>\n","protected":false},"author":2,"featured_media":1227083,"comment_status":"closed","ping_status":"closed","sticky":false,"template":"","format":"standard","meta":{"footnotes":""},"categories":[18561,2005],"tags":[],"class_list":["post-1227082","post","type-post","status-publish","format-standard","has-post-thumbnail","hentry","category-society-politics","category-seguridad-y-justicia"],"_links":{"self":[{"href":"https:\/\/www.acapulcopress.com\/index.php\/wp-json\/wp\/v2\/posts\/1227082","targetHints":{"allow":["GET"]}}],"collection":[{"href":"https:\/\/www.acapulcopress.com\/index.php\/wp-json\/wp\/v2\/posts"}],"about":[{"href":"https:\/\/www.acapulcopress.com\/index.php\/wp-json\/wp\/v2\/types\/post"}],"author":[{"embeddable":true,"href":"https:\/\/www.acapulcopress.com\/index.php\/wp-json\/wp\/v2\/users\/2"}],"replies":[{"embeddable":true,"href":"https:\/\/www.acapulcopress.com\/index.php\/wp-json\/wp\/v2\/comments?post=1227082"}],"version-history":[{"count":0,"href":"https:\/\/www.acapulcopress.com\/index.php\/wp-json\/wp\/v2\/posts\/1227082\/revisions"}],"wp:featuredmedia":[{"embeddable":true,"href":"https:\/\/www.acapulcopress.com\/index.php\/wp-json\/"}],"wp:attachment":[{"href":"https:\/\/www.acapulcopress.com\/index.php\/wp-json\/wp\/v2\/media?parent=1227082"}],"wp:term":[{"taxonomy":"category","embeddable":true,"href":"https:\/\/www.acapulcopress.com\/index.php\/wp-json\/wp\/v2\/categories?post=1227082"},{"taxonomy":"post_tag","embeddable":true,"href":"https:\/\/www.acapulcopress.com\/index.php\/wp-json\/wp\/v2\/tags?post=1227082"}],"curies":[{"name":"wp","href":"https:\/\/api.w.org\/{rel}","templated":true}]}}