{"id":1227088,"date":"2021-05-11T21:08:35","date_gmt":"2021-05-12T02:08:35","guid":{"rendered":"https:\/\/www.acapulco.press\/?p=1227088"},"modified":"2021-05-11T21:08:35","modified_gmt":"2021-05-12T02:08:35","slug":"evelyn-rehuye-segundo-debate-del-iepcgro","status":"publish","type":"post","link":"https:\/\/www.acapulcopress.com\/index.php\/2021\/05\/11\/evelyn-rehuye-segundo-debate-del-iepcgro\/","title":{"rendered":"Evelyn reh\u00faye segundo debate del IEPCGro"},"content":{"rendered":"<div class=\"td-paragraph-padding-1\">\n<p style=\"text-align: justify;\">] CHILPANCINGO. &#8216; 11 de mayo de 2021.<br \/>\n<em>) <a href=\"https:\/\/laotraopinion.com.mx\/evelyn-salgado-rechaza-participar-en-segundo-debate-en-guerrero\/\" target=\"_blank\" rel=\"noopener\">La Otra Opini\u00f3n<\/a>.<\/em><\/p>\n<p style=\"text-align: justify;\">Evelyn Salgado Pineda, candidata de Morena a la gubernatura de Guerrero, anunci\u00f3 que no asistir\u00e1 al pr\u00f3ximo debate del 19 de mayo, al que convoc\u00f3 el Instituto Electoral de Participaci\u00f3n Ciudadana (IEPC), pero asegur\u00f3 que su ausencia no es \u201cpor su falta de capacidad\u201d.<\/p>\n<p style=\"text-align: justify;\">Fue ante medios de comunicaci\u00f3n, tras un evento de campa\u00f1a en Apango, Guerrero, donde Salgado Pineda se\u00f1al\u00f3 que no ir\u00e1 al debate porque decidi\u00f3 seguir realizando sus actividades de proselitismo.<\/p>\n<p style=\"text-align: justify;\">\u201cYo no rehuy\u00f3, yo me siento muy preparada, pero simplemente el debate ser\u00e1 con el pueblo, sigo trabajando, fueron muy pocos d\u00edas de campa\u00f1a los que tenemos\u201d, dijo la hija del pol\u00e9mico F\u00e9lix Salgado Macedonio.<\/p>\n<p style=\"text-align: justify;\">Ante esta situaci\u00f3n, la morenista detall\u00f3 que el d\u00eda 19, fecha que pact\u00f3 el IEPC para llevar a cabo el debate entre las cuatro candidatas y cuatro candidatos a la gubernatura, ella andar\u00e1 en campa\u00f1a.<\/p>\n<p style=\"text-align: justify;\">\u201cPara todos los que van asistir al debate, mi respeto pero no es por falta de ning\u00fan tipo de capacidad y de experiencia y m\u00e1s bien es porque vamos a estar trabajando\u201d, agreg\u00f3.<\/p>\n<p style=\"text-align: justify;\">Cabe recordar que este lunes, el IEPC dio a conocer el documento en donde Salgado Pineda les comunica que no va asistir al segundo debate.<\/p>\n<p style=\"text-align: justify;\">En ese sentido consider\u00f3 que \u201cel debate de ideas y propuestas es entre la poblaci\u00f3n y los aspirantes\u201d.<\/p>\n<p style=\"text-align: justify;\"><strong>Candidatos no est\u00e1n obligados a asistir<\/strong><\/p>\n<p style=\"text-align: justify;\">El mismo IEPC ha dejado claro que tiene la responsabilidad de organizar, por lo menos, dos debates entre los candidatos. Sin embargo, ninguno est\u00e1 obligado a asistir a estos.<\/p>\n<p style=\"text-align: justify;\">Incluso, el pasado 5 de abril se realiz\u00f3 el primer debate al que solo asistieron tres candidatas y cuatro candidatos a la gubernatura de Guerrero.<\/p>\n<p style=\"text-align: justify;\">No est\u00e1 dem\u00e1s se\u00f1alar que en ese momento qued\u00f3 vac\u00edo el espacio de Morena porque el Tribunal Electoral del Poder Judicial de la Federaci\u00f3n (TEPJF) todav\u00eda no emit\u00eda ninguna sentencia sobre confirmar el retiro de la candidatura a F\u00e9lix Salgado o regresarla \u2014algo que nunca pas\u00f3.<\/p>\n<\/div>\n","protected":false},"excerpt":{"rendered":"<p>] CHILPANCINGO. &#8216; 11 de mayo de 2021. ) La Otra Opini\u00f3n. Evelyn Salgado Pineda, candidata de Morena a la gubernatura de Guerrero, anunci\u00f3 que no asistir\u00e1 al pr\u00f3ximo debate del 19 de mayo, al que convoc\u00f3 el Instituto Electoral de Participaci\u00f3n Ciudadana (IEPC), pero asegur\u00f3 que su ausencia no es \u201cpor su falta de&#8230;<\/p>\n","protected":false},"author":2,"featured_media":1227089,"comment_status":"closed","ping_status":"closed","sticky":false,"template":"","format":"standard","meta":{"footnotes":""},"categories":[2053,1972,1997],"tags":[8251,10242,13297,16373],"class_list":["post-1227088","post","type-post","status-publish","format-standard","has-post-thumbnail","hentry","category-elecciones-special","category-special","category-noticias-destacadas","tag-evelyn-salgado-pineda","tag-instituto-electoral-de-participacion-ciudadana-iepc","tag-morena","tag-segundo-debate-iepcgro"],"_links":{"self":[{"href":"https:\/\/www.acapulcopress.com\/index.php\/wp-json\/wp\/v2\/posts\/1227088","targetHints":{"allow":["GET"]}}],"collection":[{"href":"https:\/\/www.acapulcopress.com\/index.php\/wp-json\/wp\/v2\/posts"}],"about":[{"href":"https:\/\/www.acapulcopress.com\/index.php\/wp-json\/wp\/v2\/types\/post"}],"author":[{"embeddable":true,"href":"https:\/\/www.acapulcopress.com\/index.php\/wp-json\/wp\/v2\/users\/2"}],"replies":[{"embeddable":true,"href":"https:\/\/www.acapulcopress.com\/index.php\/wp-json\/wp\/v2\/comments?post=1227088"}],"version-history":[{"count":0,"href":"https:\/\/www.acapulcopress.com\/index.php\/wp-json\/wp\/v2\/posts\/1227088\/revisions"}],"wp:featuredmedia":[{"embeddable":true,"href":"https:\/\/www.acapulcopress.com\/index.php\/wp-json\/"}],"wp:attachment":[{"href":"https:\/\/www.acapulcopress.com\/index.php\/wp-json\/wp\/v2\/media?parent=1227088"}],"wp:term":[{"taxonomy":"category","embeddable":true,"href":"https:\/\/www.acapulcopress.com\/index.php\/wp-json\/wp\/v2\/categories?post=1227088"},{"taxonomy":"post_tag","embeddable":true,"href":"https:\/\/www.acapulcopress.com\/index.php\/wp-json\/wp\/v2\/tags?post=1227088"}],"curies":[{"name":"wp","href":"https:\/\/api.w.org\/{rel}","templated":true}]}}