{"id":1227095,"date":"2021-05-11T21:45:30","date_gmt":"2021-05-12T02:45:30","guid":{"rendered":"https:\/\/www.acapulco.press\/?p=1227095"},"modified":"2021-05-11T21:45:30","modified_gmt":"2021-05-12T02:45:30","slug":"anuncia-gobernador-acciones-contra-matrimonios-forzados-de-ninos","status":"publish","type":"post","link":"https:\/\/www.acapulcopress.com\/index.php\/2021\/05\/11\/anuncia-gobernador-acciones-contra-matrimonios-forzados-de-ninos\/","title":{"rendered":"Anuncia Gobernador acciones contra matrimonios forzados de ni\u00f1os"},"content":{"rendered":"<p style=\"text-align: justify;\">] CHILPANCINGO. &#8216; 11 de mayo de 2021.<br \/>\n<em>) Gobierno de Guerrero.<\/em><\/p>\n<p style=\"text-align: justify;\">El gobernador H\u00e9ctor Astudillo Flores anunci\u00f3 que el domingo acudir\u00e1 a la Monta\u00f1a para encabezar una reuni\u00f3n de trabajo con alcaldes y funcionarios con el objetivo de reforzar las acciones que sean necesarias a fin de erradicar los matrimonios forzados de ni\u00f1as y adolescentes en localidades de la Monta\u00f1a.<\/p>\n<p style=\"text-align: justify;\">Cabe se\u00f1alar que en la sesi\u00f3n de este martes de la Mesa de Coordinaci\u00f3n para la Construcci\u00f3n de la Paz, el gobernador H\u00e9ctor Astudillo Flores y las autoridades de dieron seguimiento a los programas de protecci\u00f3n a los derechos humanos de ni\u00f1as y adolescentes en la regi\u00f3n de la Monta\u00f1a, para que pr\u00e1cticas como matrimonios forzados con menores de edad, sean penalizadas.<\/p>\n<p style=\"text-align: justify;\">Posteriormente, en la reuni\u00f3n con parte de su gabinete encabezado por el secretario General de Gobierno, Florencio Salazar Adame, el ejecutivo guerrerense instruy\u00f3 a los funcionarios atender de manera puntal y permanente este tema, que a pesar de ser parte de usos y costumbres en los pueblos, en la entidad ya es un delito.<\/p>\n<p style=\"text-align: justify;\">Se record\u00f3 que en 2019 se firm\u00f3 un acuerdo con alcaldes y comisarios que tiene connotaci\u00f3n jur\u00eddica para prohibir esta pr\u00e1ctica que atenta contra la dignidad de las ni\u00f1as y adolescentes.<\/p>\n<p style=\"text-align: justify;\">En ese sentido, Astudillo Flores anunci\u00f3 que estar\u00e1 el domingo en la Monta\u00f1a para encabezar una reuni\u00f3n con alcaldes con el objetivo de reforzar las estrategias encaminadas a prevenir y evitar los matrimonios forzados.<\/p>\n<p style=\"text-align: justify;\">Record\u00f3 que el gobierno del estado ha organizado platicas y talleres de sensibilizaci\u00f3n en comunidades que se han traducido a la lengua materna para que est\u00e9n enterados que los matrimonios forzados ya son un delito y se tienen que denunciar.<\/p>\n<p style=\"text-align: justify;\">En la reuni\u00f3n tambi\u00e9n participaron el jefe de la Oficina del Ejecutivo, Alejandro Bravo Abarca; la secretaria de la Mujer, Maira Mart\u00ednez Pineda, el secretario de Desarrollo Social, Arturo Salgado Uriostegui, entre otros funcionarios.<\/p>\n","protected":false},"excerpt":{"rendered":"<p>] CHILPANCINGO. &#8216; 11 de mayo de 2021. ) Gobierno de Guerrero. El gobernador H\u00e9ctor Astudillo Flores anunci\u00f3 que el domingo acudir\u00e1 a la Monta\u00f1a para encabezar una reuni\u00f3n de trabajo con alcaldes y funcionarios con el objetivo de reforzar las acciones que sean necesarias a fin de erradicar los matrimonios forzados de ni\u00f1as y&#8230;<\/p>\n","protected":false},"author":2,"featured_media":1227096,"comment_status":"closed","ping_status":"closed","sticky":false,"template":"","format":"standard","meta":{"footnotes":""},"categories":[1972,18573,18574,1983],"tags":[6705,9302,9705,16421],"class_list":["post-1227095","post","type-post","status-publish","format-standard","has-post-thumbnail","hentry","category-special","category-goverment","category-gobierno-la-foto","category-guerrerogob","tag-covid19","tag-gobierno-de-guerrero","tag-hector-astudillo-flores","tag-semaforo-de-riesgo-covid19"],"_links":{"self":[{"href":"https:\/\/www.acapulcopress.com\/index.php\/wp-json\/wp\/v2\/posts\/1227095","targetHints":{"allow":["GET"]}}],"collection":[{"href":"https:\/\/www.acapulcopress.com\/index.php\/wp-json\/wp\/v2\/posts"}],"about":[{"href":"https:\/\/www.acapulcopress.com\/index.php\/wp-json\/wp\/v2\/types\/post"}],"author":[{"embeddable":true,"href":"https:\/\/www.acapulcopress.com\/index.php\/wp-json\/wp\/v2\/users\/2"}],"replies":[{"embeddable":true,"href":"https:\/\/www.acapulcopress.com\/index.php\/wp-json\/wp\/v2\/comments?post=1227095"}],"version-history":[{"count":0,"href":"https:\/\/www.acapulcopress.com\/index.php\/wp-json\/wp\/v2\/posts\/1227095\/revisions"}],"wp:featuredmedia":[{"embeddable":true,"href":"https:\/\/www.acapulcopress.com\/index.php\/wp-json\/"}],"wp:attachment":[{"href":"https:\/\/www.acapulcopress.com\/index.php\/wp-json\/wp\/v2\/media?parent=1227095"}],"wp:term":[{"taxonomy":"category","embeddable":true,"href":"https:\/\/www.acapulcopress.com\/index.php\/wp-json\/wp\/v2\/categories?post=1227095"},{"taxonomy":"post_tag","embeddable":true,"href":"https:\/\/www.acapulcopress.com\/index.php\/wp-json\/wp\/v2\/tags?post=1227095"}],"curies":[{"name":"wp","href":"https:\/\/api.w.org\/{rel}","templated":true}]}}