{"id":1227102,"date":"2021-05-11T22:20:22","date_gmt":"2021-05-12T03:20:22","guid":{"rendered":"https:\/\/www.acapulco.press\/?p=1227102"},"modified":"2021-05-11T22:20:22","modified_gmt":"2021-05-12T03:20:22","slug":"rehuir-el-debate-exhibe-carencia-de-propuestas-hector-apreza","status":"publish","type":"post","link":"https:\/\/www.acapulcopress.com\/index.php\/2021\/05\/11\/rehuir-el-debate-exhibe-carencia-de-propuestas-hector-apreza\/","title":{"rendered":"\u00abRehuir el debate exhibe carencia de propuestas\u00bb | H\u00e9ctor Apreza"},"content":{"rendered":"<p style=\"text-align: justify;\">] CHILPANCINGO. &#8216; 11 de mayo de 2021.<br \/>\n<em>) Especial.<\/em><\/p>\n<p style=\"text-align: justify;\">El presidente del PRI en Guerrero, H\u00e9ctor Apreza Patr\u00f3n, se\u00f1al\u00f3 que el candidato o candidata que elude los debates p\u00fablicos exhibe que \u201cno tiene propuestas ni alternativas de soluci\u00f3n\u201d.<\/p>\n<p style=\"text-align: justify;\">Opin\u00f3 que los debates organizados por el Instituto Electoral y de Participaci\u00f3n Ciudadana (IEPC) entre candidatos a la gubernatura de Guerrero es una gran oportunidad para que la ciudadan\u00eda escuche, comparece y reflexione sobre sus propuestas.<\/p>\n<p style=\"text-align: justify;\">\u201cLa no asistencia tiene que ver con dos temas: la falta de propuestas y el temor a contrastar las ideas y exposiciones con las ideas de otros candidatas y candidatos\u201d, dijo este martes en entrevista.<\/p>\n<p style=\"text-align: justify;\">Cabe mencionar que la candidata de Morena al gobierno de Guerrero, Evelyn Salgado Pineda, notific\u00f3 al Consejo General del IEPC que no asistir\u00e1 al segundo debate programado para este 19 de mayo.<\/p>\n<p style=\"text-align: justify;\">El l\u00edder estatal del PRI coment\u00f3 al respecto que las candidatas y candidatos que asisten a este ejercicio tienen la gran oportunidad de dirigirse al pueblo de Guerrero para contrastar sus propuestas.<\/p>\n<p style=\"text-align: justify;\">\u201cQuien no asiste es porque no tiene propuestas, no tienen claridad en sus alternativas de soluci\u00f3n a los problemas de Guerrero y le niega a la sociedad la oportunidad de escucharlas. Son fundamentales, la no asistencia a ellos refleja falta de claridad en las propuestas\u201d, insisti\u00f3.<\/p>\n<p style=\"text-align: justify;\">Confirm\u00f3 que el candidato a gobernador de la alianza PRI-PRD, Mario Moreno Arcos, s\u00ed asistir\u00e1 al segundo debate, porque, adem\u00e1s, ha impulsado una campa\u00f1a de di\u00e1logo, de propuestas y de contacto directo con los guerrerenses.<br \/>\n\u201cMario Moreno busca alternativas de soluci\u00f3n conjunta a los problemas de Guerrero. Estar\u00e1 en el debate porque para \u00e9l s\u00ed es importante que la ciudadan\u00eda conozca sus propuestas y contrastarlas con las de otros candidatos y candidatas\u201d, indic\u00f3.<\/p>\n","protected":false},"excerpt":{"rendered":"<p>] CHILPANCINGO. &#8216; 11 de mayo de 2021. ) Especial. El presidente del PRI en Guerrero, H\u00e9ctor Apreza Patr\u00f3n, se\u00f1al\u00f3 que el candidato o candidata que elude los debates p\u00fablicos exhibe que \u201cno tiene propuestas ni alternativas de soluci\u00f3n\u201d. Opin\u00f3 que los debates organizados por el Instituto Electoral y de Participaci\u00f3n Ciudadana (IEPC) entre candidatos&#8230;<\/p>\n","protected":false},"author":2,"featured_media":1227103,"comment_status":"closed","ping_status":"closed","sticky":false,"template":"","format":"standard","meta":{"footnotes":""},"categories":[1969,2053,1972],"tags":[2914,5941,8251,9702,10248,12685,14916],"class_list":["post-1227102","post","type-post","status-publish","format-standard","has-post-thumbnail","hentry","category-trending","category-elecciones-special","category-special","tag-vaxguerrero","tag-coalicion-pri-prd-eleccion-guerrero-2021","tag-evelyn-salgado-pineda","tag-hector-apreza-patron","tag-instituto-electoral-y-de-participacion-ciudadana-iepc","tag-mario-moreno-arcos","tag-pri-guerrero"],"_links":{"self":[{"href":"https:\/\/www.acapulcopress.com\/index.php\/wp-json\/wp\/v2\/posts\/1227102","targetHints":{"allow":["GET"]}}],"collection":[{"href":"https:\/\/www.acapulcopress.com\/index.php\/wp-json\/wp\/v2\/posts"}],"about":[{"href":"https:\/\/www.acapulcopress.com\/index.php\/wp-json\/wp\/v2\/types\/post"}],"author":[{"embeddable":true,"href":"https:\/\/www.acapulcopress.com\/index.php\/wp-json\/wp\/v2\/users\/2"}],"replies":[{"embeddable":true,"href":"https:\/\/www.acapulcopress.com\/index.php\/wp-json\/wp\/v2\/comments?post=1227102"}],"version-history":[{"count":0,"href":"https:\/\/www.acapulcopress.com\/index.php\/wp-json\/wp\/v2\/posts\/1227102\/revisions"}],"wp:featuredmedia":[{"embeddable":true,"href":"https:\/\/www.acapulcopress.com\/index.php\/wp-json\/"}],"wp:attachment":[{"href":"https:\/\/www.acapulcopress.com\/index.php\/wp-json\/wp\/v2\/media?parent=1227102"}],"wp:term":[{"taxonomy":"category","embeddable":true,"href":"https:\/\/www.acapulcopress.com\/index.php\/wp-json\/wp\/v2\/categories?post=1227102"},{"taxonomy":"post_tag","embeddable":true,"href":"https:\/\/www.acapulcopress.com\/index.php\/wp-json\/wp\/v2\/tags?post=1227102"}],"curies":[{"name":"wp","href":"https:\/\/api.w.org\/{rel}","templated":true}]}}