{"id":1227111,"date":"2021-05-11T22:37:37","date_gmt":"2021-05-12T03:37:37","guid":{"rendered":"https:\/\/www.acapulco.press\/?p=1227111"},"modified":"2021-05-11T22:37:37","modified_gmt":"2021-05-12T03:37:37","slug":"jornada-exitosa-del-plan-de-vacunacion-para-el-magisterio-guerrerense","status":"publish","type":"post","link":"https:\/\/www.acapulcopress.com\/index.php\/2021\/05\/11\/jornada-exitosa-del-plan-de-vacunacion-para-el-magisterio-guerrerense\/","title":{"rendered":"Jornada exitosa del Plan de Vacunaci\u00f3n para el Magisterio guerrerense"},"content":{"rendered":"<p style=\"text-align: justify;\">] CHILPANCINGO. &#8216; 11 de mayo de 2021.<br \/>\n<em>) Especial.<\/em><\/p>\n<p style=\"text-align: justify;\">Siguiendo la ruta de la estrategia de vacunaci\u00f3n, este martes dio inicio la aplicaci\u00f3n de la vacuna Anti Covid para m\u00e1s de 100 mil integrantes del sector educativo en las 7 regiones de la entidad.<\/p>\n<p style=\"text-align: justify;\"><img loading=\"lazy\" decoding=\"async\" class=\"alignleft size-medium wp-image-1227115\" src=\"https:\/\/www.acapulco.press\/wp-content\/uploads\/2021\/05\/covidgro4-375x249.jpg\" alt=\"\" width=\"375\" height=\"249\" \/>Durante la transmisi\u00f3n n\u00famero 377 que encabez\u00f3 el gobernador H\u00e9ctor Astudillo Flores, se inform\u00f3 que este d\u00eda tambi\u00e9n se aplic\u00f3 la vacuna a personal m\u00e9dico del sector privado y a personas del rango de edad de 50 a 59 a\u00f1os en San Luis Acatl\u00e1n, San Marcos y Ayutla de los Libres, este mi\u00e9rcoles se har\u00e1 lo propio con los doctores privados en Chilpancingo.<\/p>\n<p style=\"text-align: justify;\">En Acapulco tambi\u00e9n se aplic\u00f3 la vacuna a personal m\u00e9dico del sector privado y a embarazadas a partir de nueve semanas de gestaci\u00f3n.<\/p>\n<p style=\"text-align: justify;\"><img loading=\"lazy\" decoding=\"async\" class=\"alignleft size-medium wp-image-1227114\" src=\"https:\/\/www.acapulco.press\/wp-content\/uploads\/2021\/05\/covidgro3-375x249.jpg\" alt=\"\" width=\"375\" height=\"249\" \/>El ejecutivo guerrerense se enlaz\u00f3 con los responsables de los siete macropuntos instalados desde las 8 de la ma\u00f1ana en Tierra Caliente, zona Norte, Centro, Costa Chica, Monta\u00f1a, Costa Grande, Costa Chica y Acapulco, quienes le presentaron un informe de lo acontecido.<\/p>\n<p style=\"text-align: justify;\">Astudillo Flores expres\u00f3 su reconocimiento a todas y todos los que participan en esta gran jornada de vacunaci\u00f3n para atender a m\u00e1s de 100 mil docentes de Guerrero entre ellos la Sedena, Semar, Guardia Nacional, IMSS, ISSSTE, as\u00ed como voluntarios de la UAGro, Conalep, entre otros.<\/p>\n<p style=\"text-align: justify;\"><img loading=\"lazy\" decoding=\"async\" class=\"alignleft size-medium wp-image-1227113\" src=\"https:\/\/www.acapulco.press\/wp-content\/uploads\/2021\/05\/covidgro2-375x249.jpg\" alt=\"\" width=\"375\" height=\"249\" \/>En su intervenci\u00f3n, el delegado Federal de los programas Sociales en Guerrero, Iv\u00e1n Hern\u00e1ndez D\u00edaz reconoci\u00f3 el apoyo brindado por el gobierno del estado, la Sedena, Marina, Guardia Nacional, gobiernos municipales para la aplicaci\u00f3n de las vacunas.<\/p>\n<p style=\"text-align: justify;\">El funcionario Federal inform\u00f3 que este martes dio inicio la vacunaci\u00f3n para personas en rango de edad de 50 a 59 a\u00f1os en San Luis Acatl\u00e1n, San Marcos y se reactiv\u00f3 en Chilpancingo.<\/p>\n<p style=\"text-align: justify;\">Hern\u00e1ndez D\u00edaz se\u00f1al\u00f3 que el proceso de vacunaci\u00f3n a los docentes guerrerenses tiene como meta vacunar a m\u00e1s de 100 mil personas, reconociendo la participaci\u00f3n de \u00e9stos, que acudieron en buen n\u00famero a los m\u00f3dulos para recibir su vacuna.<\/p>\n<p style=\"text-align: justify;\">De manera extraordinaria, este martes y mi\u00e9rcoles se vacunar\u00e1 en las instalaciones del Centro Internacional Acapulco a embarazadas del puerto, a partir de la novena semana de gestaci\u00f3n.<\/p>\n<p style=\"text-align: justify;\">A su vez, el coordinador del Plan de Vacunaci\u00f3n para el Magisterio, Ram\u00f3n C\u00e1rdenas Villareal refiri\u00f3 que todo avanz\u00f3 conforme se ten\u00eda planeado y agradeci\u00f3 a las dependencias involucradas, \u00abtodo va fluyendo muy bien, ha sido una jornada para ser el primer d\u00eda muy exitosa y seguramente se van a cumplir las metas previstas\u00bb, anot\u00f3.<\/p>\n<p style=\"text-align: justify;\">Al presentar el informe t\u00e9cnico diario, el secretario de Salud, Carlos de la Pe\u00f1a Pintos inform\u00f3 que en lo que va de la pandemia Guerrero acumula 40 mil 255 casos positivos, 4 mil 377 defunciones, en las \u00faltimas 24 horas se reportaron 28 nuevos casos, los casos activos son 462.<\/p>\n<p style=\"text-align: justify;\">La ocupaci\u00f3n hospitalaria es del 16 por ciento con 117 pacientes hospitalizados, de estos, 15 se encuentran estables, 73 graves y 29 intubados y un promedio de 6 defunciones por d\u00eda en lo que va de mayo.<\/p>\n<p style=\"text-align: justify;\">En tanto que el secretario de Educaci\u00f3n, Heriberto Huicochea V\u00e1zquez pidi\u00f3 a los docentes estar atentos a la informaci\u00f3n oficial, ya que la vacunaci\u00f3n se realiza en orden por apellido paterno.<\/p>\n","protected":false},"excerpt":{"rendered":"<p>] CHILPANCINGO. &#8216; 11 de mayo de 2021. ) Especial. Siguiendo la ruta de la estrategia de vacunaci\u00f3n, este martes dio inicio la aplicaci\u00f3n de la vacuna Anti Covid para m\u00e1s de 100 mil integrantes del sector educativo en las 7 regiones de la entidad. Durante la transmisi\u00f3n n\u00famero 377 que encabez\u00f3 el gobernador H\u00e9ctor&#8230;<\/p>\n","protected":false},"author":2,"featured_media":1227112,"comment_status":"closed","ping_status":"closed","sticky":false,"template":"","format":"standard","meta":{"footnotes":""},"categories":[18573,1983],"tags":[6705,9302,9705,16421],"class_list":["post-1227111","post","type-post","status-publish","format-standard","has-post-thumbnail","hentry","category-goverment","category-guerrerogob","tag-covid19","tag-gobierno-de-guerrero","tag-hector-astudillo-flores","tag-semaforo-de-riesgo-covid19"],"_links":{"self":[{"href":"https:\/\/www.acapulcopress.com\/index.php\/wp-json\/wp\/v2\/posts\/1227111","targetHints":{"allow":["GET"]}}],"collection":[{"href":"https:\/\/www.acapulcopress.com\/index.php\/wp-json\/wp\/v2\/posts"}],"about":[{"href":"https:\/\/www.acapulcopress.com\/index.php\/wp-json\/wp\/v2\/types\/post"}],"author":[{"embeddable":true,"href":"https:\/\/www.acapulcopress.com\/index.php\/wp-json\/wp\/v2\/users\/2"}],"replies":[{"embeddable":true,"href":"https:\/\/www.acapulcopress.com\/index.php\/wp-json\/wp\/v2\/comments?post=1227111"}],"version-history":[{"count":0,"href":"https:\/\/www.acapulcopress.com\/index.php\/wp-json\/wp\/v2\/posts\/1227111\/revisions"}],"wp:featuredmedia":[{"embeddable":true,"href":"https:\/\/www.acapulcopress.com\/index.php\/wp-json\/"}],"wp:attachment":[{"href":"https:\/\/www.acapulcopress.com\/index.php\/wp-json\/wp\/v2\/media?parent=1227111"}],"wp:term":[{"taxonomy":"category","embeddable":true,"href":"https:\/\/www.acapulcopress.com\/index.php\/wp-json\/wp\/v2\/categories?post=1227111"},{"taxonomy":"post_tag","embeddable":true,"href":"https:\/\/www.acapulcopress.com\/index.php\/wp-json\/wp\/v2\/tags?post=1227111"}],"curies":[{"name":"wp","href":"https:\/\/api.w.org\/{rel}","templated":true}]}}