{"id":1227121,"date":"2021-05-11T23:00:52","date_gmt":"2021-05-12T04:00:52","guid":{"rendered":"https:\/\/www.acapulco.press\/?p=1227121"},"modified":"2021-05-11T23:00:52","modified_gmt":"2021-05-12T04:00:52","slug":"angel-irra-al-ladron-al-ladron","status":"publish","type":"post","link":"https:\/\/www.acapulcopress.com\/index.php\/2021\/05\/11\/angel-irra-al-ladron-al-ladron\/","title":{"rendered":"\u00c1ngel Irra | \u201cAl ladr\u00f3n, al ladr\u00f3n\u201d"},"content":{"rendered":"<p style=\"text-align: justify;\">* Son unos c\u00ednicos<\/p>\n<p>Un Rapid\u00edn<br \/>\n] Con <strong>\u00c1ngel Irra Carceda.<br \/>\n<\/strong><em>\u00bb angelirracar@hotmail.com.<\/em><\/p>\n<p>Quien o quienes friegan y friegan con que se pretende un fraude electoral el 6 de junio, admiten desde ya que las cuentas no les est\u00e1n saliendo como esperaban.<\/p>\n<p>Acusan que otros actores pol\u00edticos est\u00e1n violando la ley electoral, y ellos lo hacen a diario, incluso desde la doctrina que se lanza permanentemente en las ma\u00f1aneras.<\/p>\n<p>Vamos, es algo as\u00ed como aquella de: \u201cal ladr\u00f3n, al ladr\u00f3n\u201d.<\/p>\n<p>Observan que paulatinamente sus candidatos han ido a la baja y por eso inventan todo tipo de triqui\u00f1uelas para victimizarse.<\/p>\n<p>Pero hacen el rid\u00edculo y se muestran como unos c\u00ednicos, pues hay que recordar que ni siquiera al interior de su partido respetaron la democracia.<\/p>\n<p>Pisotearon los derechos de muchos que creyeron en ellos. Se burlaron abiertamente.<\/p>\n<p>No les queda asumir el papel de acusadores.<\/p>\n","protected":false},"excerpt":{"rendered":"<p>* Son unos c\u00ednicos Un Rapid\u00edn ] Con \u00c1ngel Irra Carceda. \u00bb angelirracar@hotmail.com. Quien o quienes friegan y friegan con que se pretende un fraude electoral el 6 de junio, admiten desde ya que las cuentas no les est\u00e1n saliendo como esperaban. Acusan que otros actores pol\u00edticos est\u00e1n violando la ley electoral, y ellos lo&#8230;<\/p>\n","protected":false},"author":2,"featured_media":1227122,"comment_status":"closed","ping_status":"closed","sticky":false,"template":"","format":"standard","meta":{"footnotes":""},"categories":[2071,1991],"tags":[3938,13297,17511],"class_list":["post-1227121","post","type-post","status-publish","format-standard","has-post-thumbnail","hentry","category-opinion-analisis-columnas","category-libertad-de-expresion","tag-angel-irra-carceda","tag-morena","tag-un-rapidin"],"_links":{"self":[{"href":"https:\/\/www.acapulcopress.com\/index.php\/wp-json\/wp\/v2\/posts\/1227121","targetHints":{"allow":["GET"]}}],"collection":[{"href":"https:\/\/www.acapulcopress.com\/index.php\/wp-json\/wp\/v2\/posts"}],"about":[{"href":"https:\/\/www.acapulcopress.com\/index.php\/wp-json\/wp\/v2\/types\/post"}],"author":[{"embeddable":true,"href":"https:\/\/www.acapulcopress.com\/index.php\/wp-json\/wp\/v2\/users\/2"}],"replies":[{"embeddable":true,"href":"https:\/\/www.acapulcopress.com\/index.php\/wp-json\/wp\/v2\/comments?post=1227121"}],"version-history":[{"count":0,"href":"https:\/\/www.acapulcopress.com\/index.php\/wp-json\/wp\/v2\/posts\/1227121\/revisions"}],"wp:featuredmedia":[{"embeddable":true,"href":"https:\/\/www.acapulcopress.com\/index.php\/wp-json\/"}],"wp:attachment":[{"href":"https:\/\/www.acapulcopress.com\/index.php\/wp-json\/wp\/v2\/media?parent=1227121"}],"wp:term":[{"taxonomy":"category","embeddable":true,"href":"https:\/\/www.acapulcopress.com\/index.php\/wp-json\/wp\/v2\/categories?post=1227121"},{"taxonomy":"post_tag","embeddable":true,"href":"https:\/\/www.acapulcopress.com\/index.php\/wp-json\/wp\/v2\/tags?post=1227121"}],"curies":[{"name":"wp","href":"https:\/\/api.w.org\/{rel}","templated":true}]}}