{"id":1227136,"date":"2021-05-11T13:34:05","date_gmt":"2021-05-11T18:34:05","guid":{"rendered":"https:\/\/www.acapulco.press\/?p=1227136"},"modified":"2021-05-11T13:34:05","modified_gmt":"2021-05-11T18:34:05","slug":"acompana-anorve-a-taja-a-evento-de-la-quebradora","status":"publish","type":"post","link":"https:\/\/www.acapulcopress.com\/index.php\/2021\/05\/11\/acompana-anorve-a-taja-a-evento-de-la-quebradora\/","title":{"rendered":"Acompa\u00f1a A\u00f1orve a Taja a evento de La Quebradora"},"content":{"rendered":"<p style=\"text-align: justify;\">\n] ACAPULCO. &#8216; 11 de mayo de 2021.<br \/>\n<em>) Especial.<\/em><\/p>\n<p style=\"text-align: justify;\">El Senador de la Rep\u00fablica, Manuel A\u00f1orve Ba\u00f1os, acompa\u00f1\u00f3 al candidato a la presidencia municipal de Acapulco, Ricardo Taja a un nutrido evento organizado por la regidora Naty Rodr\u00edguez.<\/p>\n<p style=\"text-align: justify;\">En dicho evento, el Senador A\u00f1orve, refrend\u00f3 su apoyo y respaldo a las y los candidatos de la alianza PRI\/PRD, como Sheila Soto, candidata a diputada federal por el distrito 4, Rogelio Hern\u00e1ndez, candidato a diputado local, y V\u00edctor Aguirre, candidato a s\u00edndico, quienes tambi\u00e9n acudieron a este magno evento.<\/p>\n<p style=\"text-align: justify;\">De igual forma, A\u00f1orve Ba\u00f1os aprovech\u00f3 para saludar a su amigo Rodolfo Escobar, l\u00edder estatal de la CTM, as\u00ed como resaltar el gran trabajo que el candidato a gobernador Mario Moreno Arcos, ha hecho durante esta temporada de campa\u00f1as.<\/p>\n<p style=\"text-align: justify;\">Por otra parte, en su discurso, el Senador guerrerense, manifest\u00f3 la importancia de las mujeres en cuanto a hacer pol\u00edtica se refiere, al puntualizar que ser\u00e1n las acapulque\u00f1as y las guerrerenses las que dar\u00e1n la pelea en las urnas el 6 de junio.<\/p>\n<p style=\"text-align: justify;\">Finalmente Manuel A\u00f1orve se dijo convencido de que la alianza PRI-PRD es la opci\u00f3n m\u00e1s fuerte para ganar esta contienda electoral.<\/p>\n","protected":false},"excerpt":{"rendered":"<p>] ACAPULCO. &#8216; 11 de mayo de 2021. ) Especial. El Senador de la Rep\u00fablica, Manuel A\u00f1orve Ba\u00f1os, acompa\u00f1\u00f3 al candidato a la presidencia municipal de Acapulco, Ricardo Taja a un nutrido evento organizado por la regidora Naty Rodr\u00edguez. En dicho evento, el Senador A\u00f1orve, refrend\u00f3 su apoyo y respaldo a las y los candidatos&#8230;<\/p>\n","protected":false},"author":2,"featured_media":1227137,"comment_status":"closed","ping_status":"closed","sticky":false,"template":"","format":"standard","meta":{"footnotes":""},"categories":[2052,18561],"tags":[12366,15606],"class_list":["post-1227136","post","type-post","status-publish","format-standard","has-post-thumbnail","hentry","category-elecciones","category-society-politics","tag-manuel-anorve-banos","tag-ricardo-taja-ramirez"],"_links":{"self":[{"href":"https:\/\/www.acapulcopress.com\/index.php\/wp-json\/wp\/v2\/posts\/1227136","targetHints":{"allow":["GET"]}}],"collection":[{"href":"https:\/\/www.acapulcopress.com\/index.php\/wp-json\/wp\/v2\/posts"}],"about":[{"href":"https:\/\/www.acapulcopress.com\/index.php\/wp-json\/wp\/v2\/types\/post"}],"author":[{"embeddable":true,"href":"https:\/\/www.acapulcopress.com\/index.php\/wp-json\/wp\/v2\/users\/2"}],"replies":[{"embeddable":true,"href":"https:\/\/www.acapulcopress.com\/index.php\/wp-json\/wp\/v2\/comments?post=1227136"}],"version-history":[{"count":0,"href":"https:\/\/www.acapulcopress.com\/index.php\/wp-json\/wp\/v2\/posts\/1227136\/revisions"}],"wp:featuredmedia":[{"embeddable":true,"href":"https:\/\/www.acapulcopress.com\/index.php\/wp-json\/"}],"wp:attachment":[{"href":"https:\/\/www.acapulcopress.com\/index.php\/wp-json\/wp\/v2\/media?parent=1227136"}],"wp:term":[{"taxonomy":"category","embeddable":true,"href":"https:\/\/www.acapulcopress.com\/index.php\/wp-json\/wp\/v2\/categories?post=1227136"},{"taxonomy":"post_tag","embeddable":true,"href":"https:\/\/www.acapulcopress.com\/index.php\/wp-json\/wp\/v2\/tags?post=1227136"}],"curies":[{"name":"wp","href":"https:\/\/api.w.org\/{rel}","templated":true}]}}