{"id":1227162,"date":"2021-05-12T18:11:30","date_gmt":"2021-05-12T23:11:30","guid":{"rendered":"https:\/\/www.acapulco.press\/?p=1227162"},"modified":"2021-05-12T18:11:30","modified_gmt":"2021-05-12T23:11:30","slug":"capturan-a-presunto-miembro-de-celula-criminal-vinculada-a-ataque-armado-en-la-laja","status":"publish","type":"post","link":"https:\/\/www.acapulcopress.com\/index.php\/2021\/05\/12\/capturan-a-presunto-miembro-de-celula-criminal-vinculada-a-ataque-armado-en-la-laja\/","title":{"rendered":"Capturan a presunto miembro de c\u00e9lula criminal vinculada a ataque armado en La Laja"},"content":{"rendered":"<p style=\"text-align: justify;\">] ACAPULCO. &#8216; 12 de mayo de 2021.<br \/>\n) <em><a href=\"https:\/\/guerrero.quadratin.com.mx\/cae-presunto-implicado-en-ataque-armado-de-la-laja-en-acapulco\/\" target=\"_blank\" rel=\"noopener\">Agencia Quadratin<\/a><\/em>.<\/p>\n<p style=\"text-align: justify;\">La Polic\u00eda Estatal captur\u00f3 a tres presuntos miembros de una c\u00e9lula del crimen organizado, que podr\u00edan estar involucrados en el ataque armado del martes en la colonia La Laja, que dej\u00f3 entre cinco y siete heridos.<\/p>\n<figure id=\"attachment_1227169\" aria-describedby=\"caption-attachment-1227169\" style=\"width: 375px\" class=\"wp-caption alignleft\"><img loading=\"lazy\" decoding=\"async\" class=\"wp-image-1227169 size-medium\" src=\"https:\/\/www.acapulco.press\/wp-content\/uploads\/2021\/05\/Said-Alberto-Solis-Sanchez-375x288.jpg\" alt=\"\" width=\"375\" height=\"288\" \/><figcaption id=\"caption-attachment-1227169\" class=\"wp-caption-text\"><strong>Said Alberto Sol\u00eds S\u00e1nchez.<\/strong><\/figcaption><\/figure>\n<p style=\"text-align: justify;\">De acuerdo con fuentes policiacas, uno de los detenidos fue identificado como Said Alberto Sol\u00eds S\u00e1nchez, apodado El G\u00fcero Lala o El G\u00fcero Refa, a quien se ubica como uno de los principales generadores de violencia en Acapulco.<\/p>\n<p style=\"text-align: justify;\">Los tres presuntos criminales fueron detenidos este mi\u00e9rcoles en la colonia Ni\u00f1os H\u00e9roes a bordo de una camioneta blanca, con armas de fuego, equipo t\u00e1ctico y dinero en efectivo.<\/p>\n<p style=\"text-align: justify;\">La Polic\u00eda Estatal atendi\u00f3 un llamado de emergencia al 911, por una camioneta 4\u00d74 y un coche Jetta con hombres que aparentemente llevaban armas largas y cortas, en la colonia Ampliaci\u00f3n Sim\u00f3n Bol\u00edvar. Tras una extensa operaci\u00f3n de b\u00fasqueda, los polic\u00edas hallaron una camioneta con cuatro hombres que fueron inspeccionados. Tres de ellos fueron detenidos por portaci\u00f3n de armas, decenas de cartuchos y con 12 mil pesos en efectivo.<\/p>\n<p style=\"text-align: justify;\">El cuarto tripulante era un menor, de 13 a\u00f1os de edad, quien presentaba golpes en el rostro y dijo que fue privado de su libertad por los tres presuntos delincuentes. Adem\u00e1s de El G\u00fcero Lala o G\u00fcero Refa, quien dijo que tiene 31 a\u00f1os y es comerciante de refacciones, tambi\u00e9n fue detenido Fidel Ure\u00f1a Silvestre, de 41 a\u00f1os, quien result\u00f3 ser polic\u00eda auxiliar; e Isidro Salgado Piedra, de 42 a\u00f1os, quien es polic\u00eda municipal de Coyuca de Ben\u00edtez.<\/p>\n<p style=\"text-align: justify;\">Se inform\u00f3 a Quadrat\u00edn que El G\u00fcero Refa ser\u00eda el presunto responsable del ataque armado en colonia La Laja, donde seg\u00fan la candidata de Morena a la alcald\u00eda Abelina L\u00f3pez Rodr\u00edguez, siete integrantes de su equipo de campa\u00f1a resultaron heridos, aunque oficialmente se reconocen cinco personas heridas, una de ellas menor de edad.<\/p>\n<p style=\"text-align: justify;\">Tambi\u00e9n se le atribuye el homicidio de un hombre que fue decapitado y de quien su cabeza fue hallada el pasado lunes 10 de mayo en la calle Cipr\u00e9s de la colonia Garita, cerca de la misma colonia La Laja.<\/p>\n<p style=\"text-align: justify;\">Asimismo se le responsabiliza del bloqueo de casi tres horas del bulevar Vicente Guerrero, frente a la central de abasto de este puerto, por supuestos abusos de la Polic\u00eda Estatal el pasado viernes 7 de mayo.<\/p>\n<p style=\"text-align: justify;\">La candidata de Morena, Abelina L\u00f3pez Rodr\u00edguez, responsabiliz\u00f3 al PRI de los ataques armados a sus seguidores; en tanto, la Fiscal\u00eda del Estado se\u00f1al\u00f3 que las primeras declaraciones de las v\u00edctimas indican que no fueron disparos directos.<\/p>\n","protected":false},"excerpt":{"rendered":"<p>] ACAPULCO. &#8216; 12 de mayo de 2021. ) Agencia Quadratin. La Polic\u00eda Estatal captur\u00f3 a tres presuntos miembros de una c\u00e9lula del crimen organizado, que podr\u00edan estar involucrados en el ataque armado del martes en la colonia La Laja, que dej\u00f3 entre cinco y siete heridos. De acuerdo con fuentes policiacas, uno de los&#8230;<\/p>\n","protected":false},"author":2,"featured_media":1227168,"comment_status":"closed","ping_status":"closed","sticky":false,"template":"","format":"standard","meta":{"footnotes":""},"categories":[1972,18561,2005],"tags":[2116,3077,4349,15913],"class_list":["post-1227162","post","type-post","status-publish","format-standard","has-post-thumbnail","hentry","category-special","category-society-politics","category-seguridad-y-justicia","tag-el-guero-refa","tag-abelina-lopez-rodriguez","tag-ataque-en-la-laja-acapulco","tag-said-alberto-solis-sanchez"],"_links":{"self":[{"href":"https:\/\/www.acapulcopress.com\/index.php\/wp-json\/wp\/v2\/posts\/1227162","targetHints":{"allow":["GET"]}}],"collection":[{"href":"https:\/\/www.acapulcopress.com\/index.php\/wp-json\/wp\/v2\/posts"}],"about":[{"href":"https:\/\/www.acapulcopress.com\/index.php\/wp-json\/wp\/v2\/types\/post"}],"author":[{"embeddable":true,"href":"https:\/\/www.acapulcopress.com\/index.php\/wp-json\/wp\/v2\/users\/2"}],"replies":[{"embeddable":true,"href":"https:\/\/www.acapulcopress.com\/index.php\/wp-json\/wp\/v2\/comments?post=1227162"}],"version-history":[{"count":0,"href":"https:\/\/www.acapulcopress.com\/index.php\/wp-json\/wp\/v2\/posts\/1227162\/revisions"}],"wp:featuredmedia":[{"embeddable":true,"href":"https:\/\/www.acapulcopress.com\/index.php\/wp-json\/"}],"wp:attachment":[{"href":"https:\/\/www.acapulcopress.com\/index.php\/wp-json\/wp\/v2\/media?parent=1227162"}],"wp:term":[{"taxonomy":"category","embeddable":true,"href":"https:\/\/www.acapulcopress.com\/index.php\/wp-json\/wp\/v2\/categories?post=1227162"},{"taxonomy":"post_tag","embeddable":true,"href":"https:\/\/www.acapulcopress.com\/index.php\/wp-json\/wp\/v2\/tags?post=1227162"}],"curies":[{"name":"wp","href":"https:\/\/api.w.org\/{rel}","templated":true}]}}