{"id":1227172,"date":"2021-05-12T19:23:26","date_gmt":"2021-05-13T00:23:26","guid":{"rendered":"https:\/\/www.acapulco.press\/?p=1227172"},"modified":"2021-05-12T19:23:26","modified_gmt":"2021-05-13T00:23:26","slug":"no-son-de-morena-revira-fiscalia-a-abelina","status":"publish","type":"post","link":"https:\/\/www.acapulcopress.com\/index.php\/2021\/05\/12\/no-son-de-morena-revira-fiscalia-a-abelina\/","title":{"rendered":"\u00abNo son de Morena\u00bb, revira Fiscal\u00eda a Abelina"},"content":{"rendered":"<p style=\"text-align: justify;\"><strong>* Los hechos de La Laja son problemas comunes de inseguridad que se dan desde que gobierna Morena\u00bb, suscribi\u00f3 el candidato pri\u00edsta, Ricardo Taja Ram\u00edrez, quien exhort\u00f3 a Abelina L\u00f3pez a no lucrar con la tragedia ni hacer acusaciones sin sustento ni pruebas.\u00a0<\/strong><\/p>\n<p>] CHILPANCINGO. &#8216; 12 de mayo de 2021.<br \/>\n<em>) Acapulco.press.<\/em><\/p>\n<p style=\"text-align: justify;\">La Fiscal\u00eda General del Estado (FGE) revel\u00f3 que las v\u00edctimas del ataque armado en la colonia La Laja \u00abno eran <img loading=\"lazy\" decoding=\"async\" class=\"alignleft size-medium wp-image-1227173\" src=\"https:\/\/www.acapulco.press\/wp-content\/uploads\/2021\/05\/FGE-COMUNICADO-375x485.jpg\" alt=\"\" width=\"375\" height=\"485\" \/>militantes de Morena\u00bb, como inform\u00f3 la candidata de Morena al gobierno de Acapulco, Abelina L\u00f3pez Rodr\u00edguez, quien acus\u00f3 infundadamente al PRI de los hechos del martes pasado, por los cuales la Polic\u00eda Estatal captur\u00f3 hoy a tres presuntos miembros de la c\u00e9lula criminal vinculada al ataque, uno de ellos identificado como \u00a0<a href=\"https:\/\/www.acapulco.press\/special\/capturan-a-presunto-miembro-de-celula-criminal-vinculada-a-ataque-armado-en-la-laja\/\" target=\"_blank\" rel=\"noopener\">Said Alberto Sol\u00eds S\u00e1nchez<\/a>,<em> alias<\/em> &#8216;El G\u00fcero Refa&#8217;.<\/p>\n<p style=\"text-align: justify;\">Mediante un comunicado difundido la ma\u00f1ana de este mi\u00e9rcoles, FGE precis\u00f3 que de acuerdo a la investigaci\u00f3n y persecuci\u00f3n de los delitos en el estado de Guerrero, fundamentados en el Art\u00edculo 115 constitucional, las v\u00edctimas del ataque pertenecen a un grupo de animaci\u00f3n que son contratados para cualquier tipo de evento, y que en el caso en concreto, fueron contratados para amenizar un evento proselitista de la candidata Abelina L\u00f3pez.<\/p>\n<p style=\"text-align: justify;\">La Fiscal\u00eda a\u00f1ade que las investigaciones revelan que el ataque se trat\u00f3 de un hecho delictivo fortuito y de manera contundente rechazan que haya sido un ataque directo contra el grupo de animaci\u00f3n de la candidata en cuesti\u00f3n.<\/p>\n<figure id=\"attachment_1227168\" aria-describedby=\"caption-attachment-1227168\" style=\"width: 375px\" class=\"wp-caption alignleft\"><img loading=\"lazy\" decoding=\"async\" class=\"wp-image-1227168 size-medium\" src=\"https:\/\/www.acapulco.press\/wp-content\/uploads\/2021\/05\/Said-Alberto-Solis-Sanchez-El-Guero-Refa-375x222.jpg\" alt=\"\" width=\"375\" height=\"222\" \/><figcaption id=\"caption-attachment-1227168\" class=\"wp-caption-text\"><strong>&#8216;El G\u00fcero Refa&#8217;, presunto implicado en el ataque<\/strong>. Ya fue capturado por la Polic\u00eda del Estado.<\/figcaption><\/figure>\n<p style=\"text-align: justify;\">\u00abLa informaci\u00f3n que ofrece la FGE es con base a datos de prueba y entrevistas que ya obran legalmente dentro de la carpeta de investigaci\u00f3n, es decir, es la propia versi\u00f3n de las v\u00edctimas. En ning\u00fan momento se brinda informaci\u00f3n con base a especulaciones\u00bb, precisa la corporaci\u00f3n de justicia estatal.<\/p>\n<p style=\"text-align: justify;\">La\u00a0 FGE enfatiza que \u00abno protege a ninguna persona que infrinja la ley y tampoco act\u00faa a favor o en contra de alg\u00fan instituto pol\u00edtico\u00bb, y precisa que dar\u00e1 puntual seguimiento a esta investigaci\u00f3n e informar\u00e1 de manera oportuna y directa a las v\u00edctimas del curso que guarde el avance y presentar\u00e1 a los probables responsables de la comisi\u00f3n de este delito ante <img loading=\"lazy\" decoding=\"async\" class=\"alignleft size-medium wp-image-1227182\" src=\"https:\/\/www.acapulco.press\/wp-content\/uploads\/2021\/05\/ATAQUE-LA-LAJA-375x233.jpeg\" alt=\"\" width=\"375\" height=\"233\" \/>la autoridad judicial competente\u00bb.<\/p>\n<p style=\"text-align: justify;\">Lo anterior, en virtud de que mediante conferencia de prensa la candidata de Morena a la alcald\u00eda de Acapulco\u00a0 responsabiliz\u00f3 infundadamente al PRI de los hechos, argumentando que \u201cel PRI ya ha utilizado t\u00e1cticas criminales en otros procesos cuando se sienten perdidos, y buscan intimidar a la poblaci\u00f3n para inhibir la participaci\u00f3n de la gente\u00bb, cuyas declaraciones el candidato de la coalici\u00f3n PRI\/PRD al gobierno municipal, Ricardo Taja Ram\u00edrez, calific\u00f3 como \u00abirresponsables y lamentables\u00bb.<\/p>\n<p style=\"text-align: justify;\">\u00abSon se\u00f1alamientos irresponsables\u00bb, subray\u00f3 Taja Ram\u00edrez, quien refiri\u00f3 que estos problemas de inseguridad se dan desde que gobierna Morena\u00bb,\u00a0 y ejemplific\u00f3 sus palabras con la quema de locales en los mercados en la zona centro. \u00abCon Morena ha empeorado el tema de la seguridad &#8211;dijo&#8211;; en esta administraci\u00f3n ha habido cuatro secretarios de seguridad p\u00fablica, y no hay patrullas ni trabajo de la polic\u00eda preventiva\u00bb, suscribi\u00f3 el candidato pri\u00edsta, quien exhort\u00f3 a Abelina L\u00f3pez a no lucrar con la tragedia ni hacer acusaciones sin sustento ni pruebas. \u00abEs muy delicado acusar a otro aspirante o a un partido pol\u00edtico de estos hechos violentos\u00bb, suscribi\u00f3 Taja.<br \/>\nwww.<strong>acapulco.press<\/strong><\/p>\n","protected":false},"excerpt":{"rendered":"<p>* Los hechos de La Laja son problemas comunes de inseguridad que se dan desde que gobierna Morena\u00bb, suscribi\u00f3 el candidato pri\u00edsta, Ricardo Taja Ram\u00edrez, quien exhort\u00f3 a Abelina L\u00f3pez a no lucrar con la tragedia ni hacer acusaciones sin sustento ni pruebas.\u00a0 ] CHILPANCINGO. &#8216; 12 de mayo de 2021. ) Acapulco.press. La Fiscal\u00eda&#8230;<\/p>\n","protected":false},"author":2,"featured_media":1227167,"comment_status":"closed","ping_status":"closed","sticky":false,"template":"","format":"standard","meta":{"footnotes":""},"categories":[2044,1972,1997],"tags":[3077,8682,10946,14737,15606],"class_list":["post-1227172","post","type-post","status-publish","format-standard","has-post-thumbnail","hentry","category-justice","category-special","category-noticias-destacadas","tag-abelina-lopez-rodriguez","tag-fiscalia-general-de-guerrero-fge","tag-jorge-zuriel-de-los-santos-barrila","tag-policia-ministerial-de-guerrero","tag-ricardo-taja-ramirez"],"_links":{"self":[{"href":"https:\/\/www.acapulcopress.com\/index.php\/wp-json\/wp\/v2\/posts\/1227172","targetHints":{"allow":["GET"]}}],"collection":[{"href":"https:\/\/www.acapulcopress.com\/index.php\/wp-json\/wp\/v2\/posts"}],"about":[{"href":"https:\/\/www.acapulcopress.com\/index.php\/wp-json\/wp\/v2\/types\/post"}],"author":[{"embeddable":true,"href":"https:\/\/www.acapulcopress.com\/index.php\/wp-json\/wp\/v2\/users\/2"}],"replies":[{"embeddable":true,"href":"https:\/\/www.acapulcopress.com\/index.php\/wp-json\/wp\/v2\/comments?post=1227172"}],"version-history":[{"count":0,"href":"https:\/\/www.acapulcopress.com\/index.php\/wp-json\/wp\/v2\/posts\/1227172\/revisions"}],"wp:featuredmedia":[{"embeddable":true,"href":"https:\/\/www.acapulcopress.com\/index.php\/wp-json\/"}],"wp:attachment":[{"href":"https:\/\/www.acapulcopress.com\/index.php\/wp-json\/wp\/v2\/media?parent=1227172"}],"wp:term":[{"taxonomy":"category","embeddable":true,"href":"https:\/\/www.acapulcopress.com\/index.php\/wp-json\/wp\/v2\/categories?post=1227172"},{"taxonomy":"post_tag","embeddable":true,"href":"https:\/\/www.acapulcopress.com\/index.php\/wp-json\/wp\/v2\/tags?post=1227172"}],"curies":[{"name":"wp","href":"https:\/\/api.w.org\/{rel}","templated":true}]}}