{"id":1227185,"date":"2021-05-12T20:00:05","date_gmt":"2021-05-13T01:00:05","guid":{"rendered":"https:\/\/www.acapulco.press\/?p=1227185"},"modified":"2021-05-12T20:00:05","modified_gmt":"2021-05-13T01:00:05","slug":"vacunacion-en-guerrero-va-por-el-camino-correcto-saludgro","status":"publish","type":"post","link":"https:\/\/www.acapulcopress.com\/index.php\/2021\/05\/12\/vacunacion-en-guerrero-va-por-el-camino-correcto-saludgro\/","title":{"rendered":"Vacunaci\u00f3n en Guerrero va por el camino correcto | SaludGro"},"content":{"rendered":"<p style=\"text-align: justify;\">] ACAPULCO. &#8216; 12 de mayo de 2021.<br \/>\n<em>) Gobierno de Guerrero.<\/em><\/p>\n<p style=\"text-align: justify;\">El proceso de vacunaci\u00f3n en la entidad contin\u00faa de forma adecuada y en plena coordinaci\u00f3n con los distintos niveles de gobierno, as\u00ed lo se\u00f1alaron las autoridades de Salud y educativas, tanto a nivel estatal como federal.<\/p>\n<p>Durante la transmisi\u00f3n 378 sobre el Covid en la entidad, el secretario de Salud, Carlos de la Pe\u00f1a Pintos, se refiri\u00f3 al <img loading=\"lazy\" decoding=\"async\" class=\"alignleft size-medium wp-image-1227188\" src=\"https:\/\/www.acapulco.press\/wp-content\/uploads\/2021\/05\/MARINA-VACUNACION2-375x563.jpg\" alt=\"\" width=\"375\" height=\"563\" \/>esfuerzo que se est\u00e1 realizando para lograr la atenci\u00f3n de los distintos grupos, ampliando la cobertura y detallando que en Acapulco la vacunaci\u00f3n para maestros ha sido en orden, fluida y con una buena respuesta.<\/p>\n<p>Mediante un enlace, el delegado en Guerrero de los programas federales, Iv\u00e1n Hern\u00e1ndez D\u00edaz, y el coordinador de Proyectos Especiales y Vinculaci\u00f3n Social de la Subsecretar\u00eda de Educaci\u00f3n Superior de la SEP, Ram\u00f3n C\u00e1rdenas Villarreal, detallaron que se est\u00e1 atendiendo al magisterio, pero tambi\u00e9n otros grupos, como es el caso de San Marcos, Ayutla y San Luis Acatl\u00e1n, donde se vacuna a las personas de 50 a 59 a\u00f1os. Igualmente en Chilpancingo se concluye con la atenci\u00f3n a este mismo rango de edad y se inicia con los m\u00e9dicos privados.<\/p>\n<p>En Acapulco adem\u00e1s del sector salud privado, tambi\u00e9n se da atenci\u00f3n a mujeres embarazadas que tengan a partir de nueve semanas de gestaci\u00f3n.<\/p>\n<p>En su participaci\u00f3n C\u00e1rdenas Villarreal dijo que ayer fue un d\u00eda exitoso con la atenci\u00f3n de m\u00e1s de 22 mil vacunados e invit\u00f3 a los docentes que no han acudido a que vayan a recibir la dosis que les corresponde.<\/p>\n<p>En tanto el secretario de Educaci\u00f3n Guerrero (SEG), Heriberto Huicochea inform\u00f3 que al corte de las once y media de este mi\u00e9rcoles, se hab\u00edan atendido a 8 mil 838 docentes, personal administrativo y de intendencia.<\/p>\n<p>Detall\u00f3 que en la Regi\u00f3n Centro fueron 2 mil 500; en Tierra caliente, 929; en Costa Grande 700; en Costa Chica 870; en la Norte 879; en Acapulco 2 mil 200 y en la Monta\u00f1a 760.<\/p>\n","protected":false},"excerpt":{"rendered":"<p>] ACAPULCO. &#8216; 12 de mayo de 2021. ) Gobierno de Guerrero. El proceso de vacunaci\u00f3n en la entidad contin\u00faa de forma adecuada y en plena coordinaci\u00f3n con los distintos niveles de gobierno, as\u00ed lo se\u00f1alaron las autoridades de Salud y educativas, tanto a nivel estatal como federal. Durante la transmisi\u00f3n 378 sobre el Covid&#8230;<\/p>\n","protected":false},"author":2,"featured_media":1227187,"comment_status":"closed","ping_status":"closed","sticky":false,"template":"","format":"standard","meta":{"footnotes":""},"categories":[18573,1983],"tags":[5185,6705,9302,9705,10498,16008,16242,16421],"class_list":["post-1227185","post","type-post","status-publish","format-standard","has-post-thumbnail","hentry","category-goverment","category-guerrerogob","tag-carlos-de-la-pena-pintos","tag-covid19","tag-gobierno-de-guerrero","tag-hector-astudillo-flores","tag-ivan-hernandez-diaz","tag-sana-distancia","tag-secretaria-de-salud-de-guerrero-ssg","tag-semaforo-de-riesgo-covid19"],"_links":{"self":[{"href":"https:\/\/www.acapulcopress.com\/index.php\/wp-json\/wp\/v2\/posts\/1227185","targetHints":{"allow":["GET"]}}],"collection":[{"href":"https:\/\/www.acapulcopress.com\/index.php\/wp-json\/wp\/v2\/posts"}],"about":[{"href":"https:\/\/www.acapulcopress.com\/index.php\/wp-json\/wp\/v2\/types\/post"}],"author":[{"embeddable":true,"href":"https:\/\/www.acapulcopress.com\/index.php\/wp-json\/wp\/v2\/users\/2"}],"replies":[{"embeddable":true,"href":"https:\/\/www.acapulcopress.com\/index.php\/wp-json\/wp\/v2\/comments?post=1227185"}],"version-history":[{"count":0,"href":"https:\/\/www.acapulcopress.com\/index.php\/wp-json\/wp\/v2\/posts\/1227185\/revisions"}],"wp:featuredmedia":[{"embeddable":true,"href":"https:\/\/www.acapulcopress.com\/index.php\/wp-json\/"}],"wp:attachment":[{"href":"https:\/\/www.acapulcopress.com\/index.php\/wp-json\/wp\/v2\/media?parent=1227185"}],"wp:term":[{"taxonomy":"category","embeddable":true,"href":"https:\/\/www.acapulcopress.com\/index.php\/wp-json\/wp\/v2\/categories?post=1227185"},{"taxonomy":"post_tag","embeddable":true,"href":"https:\/\/www.acapulcopress.com\/index.php\/wp-json\/wp\/v2\/tags?post=1227185"}],"curies":[{"name":"wp","href":"https:\/\/api.w.org\/{rel}","templated":true}]}}