{"id":1227193,"date":"2021-05-12T20:11:20","date_gmt":"2021-05-13T01:11:20","guid":{"rendered":"https:\/\/www.acapulco.press\/?p=1227193"},"modified":"2021-05-12T20:11:20","modified_gmt":"2021-05-13T01:11:20","slug":"40-mil-371-casos-acumulados-y-4-mil-379-defunciones-los-datos-del-covid19-en-guerrero","status":"publish","type":"post","link":"https:\/\/www.acapulcopress.com\/index.php\/2021\/05\/12\/40-mil-371-casos-acumulados-y-4-mil-379-defunciones-los-datos-del-covid19-en-guerrero\/","title":{"rendered":"40 mil 371 casos acumulados y 4 mil 379 defunciones, los datos del Covid19 en Guerrero"},"content":{"rendered":"<p style=\"text-align: justify;\">] ACAPULCO. &#8216; 12 de mayo de 2021.<br \/>\n<em>) Gobierno de Guerrero.<\/em><\/p>\n<p style=\"text-align: justify;\">En el marco de la celebraci\u00f3n del D\u00eda de la Enfermer\u00eda, el secretario de Salud reconoci\u00f3 la importante labora que llevan a cabo, particularmente en el marco de la pandemia y de la vacunaci\u00f3n extraordinaria que se est\u00e1 realizando.<\/p>\n<p style=\"text-align: justify;\">Por ello, la jefa del Programa de Vacunaci\u00f3n en el estado de Guerrero, Marcela Fuentes comparti\u00f3 su experiencia en torno a lo que ha sido todo este proceso, destacando la disposici\u00f3n del personal para seguir coadyuvando en esta labor tan importante para salvaguardar la salud de los y las guerrerenses.<\/p>\n<p style=\"text-align: justify;\">En cuanto a los n\u00fameros del Covid, el secretario de Salud detall\u00f3 que hay 40 mil 371 casos acumulados, 4 mil 379 defunciones, 116 casos nuevos y 521 activos; el secretario de Salud puntualiz\u00f3 que contin\u00faa la estabilidad en los distintos rubros.<\/p>\n<p style=\"text-align: justify;\">En cuanto a las defunciones, en lo que va del mes, se registra un promedio diario de 6 decesos. Mientras que e hospitalizaci\u00f3n, hay un 16 por ciento de ocupaci\u00f3n, por arriba de la media nacional que es de 11 puntos. En tanto que en ocupaci\u00f3n de ventiladores, Guerrero tiene un 13 por ciento, por debajo del promedio nacional que es de 17.<\/p>\n","protected":false},"excerpt":{"rendered":"<p>] ACAPULCO. &#8216; 12 de mayo de 2021. ) Gobierno de Guerrero. En el marco de la celebraci\u00f3n del D\u00eda de la Enfermer\u00eda, el secretario de Salud reconoci\u00f3 la importante labora que llevan a cabo, particularmente en el marco de la pandemia y de la vacunaci\u00f3n extraordinaria que se est\u00e1 realizando. Por ello, la jefa&#8230;<\/p>\n","protected":false},"author":2,"featured_media":1227186,"comment_status":"closed","ping_status":"closed","sticky":false,"template":"","format":"standard","meta":{"footnotes":""},"categories":[18573,1983],"tags":[5185,6705,7313,9302,9705,16008,16242,16421],"class_list":["post-1227193","post","type-post","status-publish","format-standard","has-post-thumbnail","hentry","category-goverment","category-guerrerogob","tag-carlos-de-la-pena-pintos","tag-covid19","tag-dif-guerrero","tag-gobierno-de-guerrero","tag-hector-astudillo-flores","tag-sana-distancia","tag-secretaria-de-salud-de-guerrero-ssg","tag-semaforo-de-riesgo-covid19"],"_links":{"self":[{"href":"https:\/\/www.acapulcopress.com\/index.php\/wp-json\/wp\/v2\/posts\/1227193","targetHints":{"allow":["GET"]}}],"collection":[{"href":"https:\/\/www.acapulcopress.com\/index.php\/wp-json\/wp\/v2\/posts"}],"about":[{"href":"https:\/\/www.acapulcopress.com\/index.php\/wp-json\/wp\/v2\/types\/post"}],"author":[{"embeddable":true,"href":"https:\/\/www.acapulcopress.com\/index.php\/wp-json\/wp\/v2\/users\/2"}],"replies":[{"embeddable":true,"href":"https:\/\/www.acapulcopress.com\/index.php\/wp-json\/wp\/v2\/comments?post=1227193"}],"version-history":[{"count":0,"href":"https:\/\/www.acapulcopress.com\/index.php\/wp-json\/wp\/v2\/posts\/1227193\/revisions"}],"wp:featuredmedia":[{"embeddable":true,"href":"https:\/\/www.acapulcopress.com\/index.php\/wp-json\/"}],"wp:attachment":[{"href":"https:\/\/www.acapulcopress.com\/index.php\/wp-json\/wp\/v2\/media?parent=1227193"}],"wp:term":[{"taxonomy":"category","embeddable":true,"href":"https:\/\/www.acapulcopress.com\/index.php\/wp-json\/wp\/v2\/categories?post=1227193"},{"taxonomy":"post_tag","embeddable":true,"href":"https:\/\/www.acapulcopress.com\/index.php\/wp-json\/wp\/v2\/tags?post=1227193"}],"curies":[{"name":"wp","href":"https:\/\/api.w.org\/{rel}","templated":true}]}}