{"id":1227200,"date":"2021-05-12T20:31:07","date_gmt":"2021-05-13T01:31:07","guid":{"rendered":"https:\/\/www.acapulco.press\/?p=1227200"},"modified":"2021-05-12T20:31:07","modified_gmt":"2021-05-13T01:31:07","slug":"tajasicumple-dicen-habitantes-de-colonias-populares","status":"publish","type":"post","link":"https:\/\/www.acapulcopress.com\/index.php\/2021\/05\/12\/tajasicumple-dicen-habitantes-de-colonias-populares\/","title":{"rendered":"#TajaS\u00edCumple, dicen habitantes de colonias populares"},"content":{"rendered":"<p style=\"text-align: justify;\">] ACAPULCO. &#8216; 12 de mayo de 2021.<br \/>\n<em>) Especial.<\/em><\/p>\n<p style=\"text-align: justify;\">Vecinos de las colonias Navidad de Llano Largo, Miramar y Nuevo Puerto Marques recibieron con entusiasmo a los <img loading=\"lazy\" decoding=\"async\" class=\"alignleft size-medium wp-image-1227205\" src=\"https:\/\/www.acapulco.press\/wp-content\/uploads\/2021\/05\/TAJASICUMPLE5-375x250.jpeg\" alt=\"\" width=\"375\" height=\"250\" \/>candidatos de la alianza PRI-PRD por la presidencia de Acapulco Ricardo Taja Ram\u00edrez, por la diputaci\u00f3n local Ricardo Astudillo y por la diputaci\u00f3n federal Jaime Luis Col\u00f3n.<\/p>\n<p style=\"text-align: justify;\">Padres de familia de la escuela primaria Alfonso Garc\u00eda Robles, de la colonia Alborada, agradecieron a Ricardo Taja Ram\u00edrez su visita y recordaron que cuando fue diputado local apoy\u00f3 a la escuela con la pavimentaci\u00f3n de la calle y dot\u00f3 de material el\u00e9ctrico para el uso de aires acondicionados, incluido un transformador.<\/p>\n<p style=\"text-align: justify;\"><img loading=\"lazy\" decoding=\"async\" class=\"alignleft size-medium wp-image-1227204\" src=\"https:\/\/www.acapulco.press\/wp-content\/uploads\/2021\/05\/TAJASICUMPLE4-375x250.jpeg\" alt=\"\" width=\"375\" height=\"250\" \/>A nombre de los padres de familia, la profesora Obdulia Aguirre Rayo dijo que su confianza, cari\u00f1o y voto est\u00e1 con Ricardo Taja e invit\u00f3 a todos los vecinos a votar por los candidatos de la coalici\u00f3n, record\u00e1ndoles que n hay que olvidar que quien ha ayudado siempre a los acapulque\u00f1os ha sido Taja porque \u201cTaja s\u00ed cumple\u201d.<\/p>\n<p style=\"text-align: justify;\">En su caminar por las colonias, Ricardo Taja fue apapachado con comentarios positivos de agradecimiento por su apoyo que les ha brindado, con cargo y sin cargo, dijo don Silvano Abarca quien tambi\u00e9n invit\u00f3 a sus vecinos a salir a votar temprano y promover el voto con sus familias a favor de los <img loading=\"lazy\" decoding=\"async\" class=\"alignleft size-medium wp-image-1227201\" src=\"https:\/\/www.acapulco.press\/wp-content\/uploads\/2021\/05\/TAJASICUMPLE-375x250.jpeg\" alt=\"\" width=\"375\" height=\"250\" \/>candidatos de la coalici\u00f3n \u201cVamos por M\u00e9xico\u201d.<\/p>\n<p style=\"text-align: justify;\">El candidato a la alcald\u00eda de Acapulco Ricardo Taja Ram\u00edrez escuch\u00f3 una demanda sentida de los habitantes de esas colonias perif\u00e9ricas que se concentr\u00f3 en la petici\u00f3n de la construcci\u00f3n de un andador, el servicio de pipas de agua, tableros de b\u00e1squetbol para las canchas, la terminaci\u00f3n de la capilla de la colonia, entre otras necesidades.<\/p>\n<p style=\"text-align: justify;\">Se comprometi\u00f3 a la rehabilitaci\u00f3n del Centro de salud y del drenaje hidrosanitario, pavimentaci\u00f3n de andadores, regularizaci\u00f3n de los predios de la colonia Los Dragos y el arreglo del parque de la cancha amarilla.<\/p>\n","protected":false},"excerpt":{"rendered":"<p>] ACAPULCO. &#8216; 12 de mayo de 2021. ) Especial. Vecinos de las colonias Navidad de Llano Largo, Miramar y Nuevo Puerto Marques recibieron con entusiasmo a los candidatos de la alianza PRI-PRD por la presidencia de Acapulco Ricardo Taja Ram\u00edrez, por la diputaci\u00f3n local Ricardo Astudillo y por la diputaci\u00f3n federal Jaime Luis Col\u00f3n&#8230;.<\/p>\n","protected":false},"author":2,"featured_media":1227202,"comment_status":"closed","ping_status":"closed","sticky":false,"template":"","format":"standard","meta":{"footnotes":""},"categories":[2052,18561],"tags":[5938,14895,15606],"class_list":["post-1227200","post","type-post","status-publish","format-standard","has-post-thumbnail","hentry","category-elecciones","category-society-politics","tag-coalicion-pri-prd","tag-presidencia-de-acapulco","tag-ricardo-taja-ramirez"],"_links":{"self":[{"href":"https:\/\/www.acapulcopress.com\/index.php\/wp-json\/wp\/v2\/posts\/1227200","targetHints":{"allow":["GET"]}}],"collection":[{"href":"https:\/\/www.acapulcopress.com\/index.php\/wp-json\/wp\/v2\/posts"}],"about":[{"href":"https:\/\/www.acapulcopress.com\/index.php\/wp-json\/wp\/v2\/types\/post"}],"author":[{"embeddable":true,"href":"https:\/\/www.acapulcopress.com\/index.php\/wp-json\/wp\/v2\/users\/2"}],"replies":[{"embeddable":true,"href":"https:\/\/www.acapulcopress.com\/index.php\/wp-json\/wp\/v2\/comments?post=1227200"}],"version-history":[{"count":0,"href":"https:\/\/www.acapulcopress.com\/index.php\/wp-json\/wp\/v2\/posts\/1227200\/revisions"}],"wp:featuredmedia":[{"embeddable":true,"href":"https:\/\/www.acapulcopress.com\/index.php\/wp-json\/"}],"wp:attachment":[{"href":"https:\/\/www.acapulcopress.com\/index.php\/wp-json\/wp\/v2\/media?parent=1227200"}],"wp:term":[{"taxonomy":"category","embeddable":true,"href":"https:\/\/www.acapulcopress.com\/index.php\/wp-json\/wp\/v2\/categories?post=1227200"},{"taxonomy":"post_tag","embeddable":true,"href":"https:\/\/www.acapulcopress.com\/index.php\/wp-json\/wp\/v2\/tags?post=1227200"}],"curies":[{"name":"wp","href":"https:\/\/api.w.org\/{rel}","templated":true}]}}