{"id":1227212,"date":"2021-05-12T20:44:06","date_gmt":"2021-05-13T01:44:06","guid":{"rendered":"https:\/\/www.acapulco.press\/?p=1227212"},"modified":"2021-05-12T20:44:06","modified_gmt":"2021-05-13T01:44:06","slug":"desesperacion-en-la-tribu-morenista-y-su-candidata","status":"publish","type":"post","link":"https:\/\/www.acapulcopress.com\/index.php\/2021\/05\/12\/desesperacion-en-la-tribu-morenista-y-su-candidata\/","title":{"rendered":"Desesperaci\u00f3n en la tribu morenista de Acapulco y su candidata"},"content":{"rendered":"<p style=\"text-align: justify;\"><em>* Abelina, Abelina, Abelina\u2026 No trates de sacar raja. Mejor trabaja para vencer a Taja.<\/em><\/p>\n<p>Un Rapid\u00edn.<br \/>\n] Con <strong>\u00c1ngel Irra Carceda<\/strong>.<\/p>\n<p>Cunde la desesperaci\u00f3n entre la tribu morenista en Acapulco y su candidata a la alcald\u00eda, Abelina L\u00f3pez Rodr\u00edguez.<br \/>\nLa campa\u00f1a de la abanderada de la Cuarta Transformaci\u00f3n simple y sencillamente no levanta.<\/p>\n<p>Sin embargo, consideran que esos hechos de violencia, donde sostiene Abelina L\u00f3pez que entre los heridos est\u00e1n algunos de sus promotores, les viene como \u201canillo al dedo\u201d.<\/p>\n<p>Por eso ya hicieron responsables de esos lamentables hechos hasta a las abuelas de los de la alianza PRI-PRD.<\/p>\n<p>Ofrecieron hasta una conferencia de prensa para victimizarse. No cabe duda, siguen la l\u00ednea de su tlatoani.<\/p>\n<p>Ya hay detenidos como probables responsables de esos hechos. Dejen que la autoridad competente resuelva.<\/p>\n<p>No sean oportunistas en un suceso tan lamentable solo para ganar seguidores.<\/p>\n<p>Abelina, Abelina, Abelina\u2026No trates de sacar raja. Mejor trabaja para vencer a Taja.<\/p>\n","protected":false},"excerpt":{"rendered":"<p>* Abelina, Abelina, Abelina\u2026 No trates de sacar raja. Mejor trabaja para vencer a Taja. Un Rapid\u00edn. ] Con \u00c1ngel Irra Carceda. Cunde la desesperaci\u00f3n entre la tribu morenista en Acapulco y su candidata a la alcald\u00eda, Abelina L\u00f3pez Rodr\u00edguez. La campa\u00f1a de la abanderada de la Cuarta Transformaci\u00f3n simple y sencillamente no levanta. Sin&#8230;<\/p>\n","protected":false},"author":2,"featured_media":1227213,"comment_status":"closed","ping_status":"closed","sticky":false,"template":"","format":"standard","meta":{"footnotes":""},"categories":[2071,1991],"tags":[3075,3938,15606,17511],"class_list":["post-1227212","post","type-post","status-publish","format-standard","has-post-thumbnail","hentry","category-opinion-analisis-columnas","category-libertad-de-expresion","tag-abelina-lopez","tag-angel-irra-carceda","tag-ricardo-taja-ramirez","tag-un-rapidin"],"_links":{"self":[{"href":"https:\/\/www.acapulcopress.com\/index.php\/wp-json\/wp\/v2\/posts\/1227212","targetHints":{"allow":["GET"]}}],"collection":[{"href":"https:\/\/www.acapulcopress.com\/index.php\/wp-json\/wp\/v2\/posts"}],"about":[{"href":"https:\/\/www.acapulcopress.com\/index.php\/wp-json\/wp\/v2\/types\/post"}],"author":[{"embeddable":true,"href":"https:\/\/www.acapulcopress.com\/index.php\/wp-json\/wp\/v2\/users\/2"}],"replies":[{"embeddable":true,"href":"https:\/\/www.acapulcopress.com\/index.php\/wp-json\/wp\/v2\/comments?post=1227212"}],"version-history":[{"count":0,"href":"https:\/\/www.acapulcopress.com\/index.php\/wp-json\/wp\/v2\/posts\/1227212\/revisions"}],"wp:featuredmedia":[{"embeddable":true,"href":"https:\/\/www.acapulcopress.com\/index.php\/wp-json\/"}],"wp:attachment":[{"href":"https:\/\/www.acapulcopress.com\/index.php\/wp-json\/wp\/v2\/media?parent=1227212"}],"wp:term":[{"taxonomy":"category","embeddable":true,"href":"https:\/\/www.acapulcopress.com\/index.php\/wp-json\/wp\/v2\/categories?post=1227212"},{"taxonomy":"post_tag","embeddable":true,"href":"https:\/\/www.acapulcopress.com\/index.php\/wp-json\/wp\/v2\/tags?post=1227212"}],"curies":[{"name":"wp","href":"https:\/\/api.w.org\/{rel}","templated":true}]}}