{"id":1227220,"date":"2021-05-12T20:59:10","date_gmt":"2021-05-13T01:59:10","guid":{"rendered":"https:\/\/www.acapulco.press\/?p=1227220"},"modified":"2021-05-12T20:59:10","modified_gmt":"2021-05-13T01:59:10","slug":"anorve-miembro-del-grupo-de-trabajo-legislativo-para-el-seguimiento-del-proceso-electoral","status":"publish","type":"post","link":"https:\/\/www.acapulcopress.com\/index.php\/2021\/05\/12\/anorve-miembro-del-grupo-de-trabajo-legislativo-para-el-seguimiento-del-proceso-electoral\/","title":{"rendered":"A\u00f1orve, miembro del Grupo de Trabajo legislativo para el seguimiento del proceso electoral"},"content":{"rendered":"<p style=\"text-align: justify;\">] ACAPULCO. &#8216; 12 de mayo de 2021.<br \/>\n<em>) Gobierno de Guerrero.<\/em><\/p>\n<p style=\"text-align: justify;\">El Senador de la Rep\u00fablica Manuel A\u00f1orve Ba\u00f1os, durante la Sesi\u00f3n del Congreso de la Uni\u00f3n, fue designado como integrante del Grupo de Trabajo para dar seguimiento a los procesos electorales del 2021.<\/p>\n<p style=\"text-align: justify;\">Al respecto, el Senador guerrerense, dijo que su trabajo en este grupo ser\u00e1 con el objetivo de sumar a que el proceso electoral transite en apego a la legalidad, a fin de garantizar que se respete la decisi\u00f3n de los ciudadanos.<\/p>\n<p style=\"text-align: justify;\">Tambi\u00e9n asumi\u00f3 este d\u00eda la Secretar\u00eda de la Primera Comisi\u00f3n de Trabajo de la Comisi\u00f3n Permanente del Congreso de la Uni\u00f3n, denominada Primera Comisi\u00f3n de Gobernaci\u00f3n, Puntos Constitucionales y de Justicia.<\/p>\n<p style=\"text-align: justify;\">Al respecto, Manuel A\u00f1orve dijo sentirse honrado y refrend\u00f3 su compromiso para trabajar con determinaci\u00f3n, en beneficio de M\u00e9xico y Guerrero, aprobando temas legislativos relevantes para los ciudadanos.<\/p>\n<p style=\"text-align: justify;\">Cabe se\u00f1alar que la Comisi\u00f3n Permanente tambi\u00e9n contar\u00e1 con otras 2 Comisiones de trabajo, la de Relaciones Exteriores, Defensa Nacional y Educaci\u00f3n P\u00fablica y la de Hacienda y Cr\u00e9dito P\u00fablico, Agricultura y Fomento y Comunicaciones y Obras P\u00fablicas.<\/p>\n","protected":false},"excerpt":{"rendered":"<p>] ACAPULCO. &#8216; 12 de mayo de 2021. ) Gobierno de Guerrero. El Senador de la Rep\u00fablica Manuel A\u00f1orve Ba\u00f1os, durante la Sesi\u00f3n del Congreso de la Uni\u00f3n, fue designado como integrante del Grupo de Trabajo para dar seguimiento a los procesos electorales del 2021. Al respecto, el Senador guerrerense, dijo que su trabajo en&#8230;<\/p>\n","protected":false},"author":2,"featured_media":1227211,"comment_status":"closed","ping_status":"closed","sticky":false,"template":"","format":"standard","meta":{"footnotes":""},"categories":[61,18561],"tags":[12366,14968],"class_list":["post-1227220","post","type-post","status-publish","format-standard","has-post-thumbnail","hentry","category-legislacion","category-society-politics","tag-manuel-anorve-banos","tag-proceso-electoral-2021"],"_links":{"self":[{"href":"https:\/\/www.acapulcopress.com\/index.php\/wp-json\/wp\/v2\/posts\/1227220","targetHints":{"allow":["GET"]}}],"collection":[{"href":"https:\/\/www.acapulcopress.com\/index.php\/wp-json\/wp\/v2\/posts"}],"about":[{"href":"https:\/\/www.acapulcopress.com\/index.php\/wp-json\/wp\/v2\/types\/post"}],"author":[{"embeddable":true,"href":"https:\/\/www.acapulcopress.com\/index.php\/wp-json\/wp\/v2\/users\/2"}],"replies":[{"embeddable":true,"href":"https:\/\/www.acapulcopress.com\/index.php\/wp-json\/wp\/v2\/comments?post=1227220"}],"version-history":[{"count":0,"href":"https:\/\/www.acapulcopress.com\/index.php\/wp-json\/wp\/v2\/posts\/1227220\/revisions"}],"wp:featuredmedia":[{"embeddable":true,"href":"https:\/\/www.acapulcopress.com\/index.php\/wp-json\/"}],"wp:attachment":[{"href":"https:\/\/www.acapulcopress.com\/index.php\/wp-json\/wp\/v2\/media?parent=1227220"}],"wp:term":[{"taxonomy":"category","embeddable":true,"href":"https:\/\/www.acapulcopress.com\/index.php\/wp-json\/wp\/v2\/categories?post=1227220"},{"taxonomy":"post_tag","embeddable":true,"href":"https:\/\/www.acapulcopress.com\/index.php\/wp-json\/wp\/v2\/tags?post=1227220"}],"curies":[{"name":"wp","href":"https:\/\/api.w.org\/{rel}","templated":true}]}}