{"id":1227235,"date":"2021-05-12T22:13:46","date_gmt":"2021-05-13T03:13:46","guid":{"rendered":"https:\/\/www.acapulco.press\/?p=1227235"},"modified":"2021-05-12T22:13:46","modified_gmt":"2021-05-13T03:13:46","slug":"mario-moreno-mostro-experiencia-y-conocimiento-de-temas-coyunturales-en-el-debate-ciudadano","status":"publish","type":"post","link":"https:\/\/www.acapulcopress.com\/index.php\/2021\/05\/12\/mario-moreno-mostro-experiencia-y-conocimiento-de-temas-coyunturales-en-el-debate-ciudadano\/","title":{"rendered":"Mario Moreno mostr\u00f3 experiencia y conocimiento de temas coyunturales en el Debate Ciudadano"},"content":{"rendered":"<p style=\"text-align: justify;\">] CHILPANCINGO. &#8216; 12 de mayo de 2021.<br \/>\n<em>) Especial.<\/em><\/p>\n<p style=\"text-align: justify;\">Al acudir como invitado al debate p\u00fablico ciudadano que organiz\u00f3 Coparmex Guerrero, el candidato de la alianza PRI-PRD Mario Moreno Arcos reafirm\u00f3 su compromiso para trabajar por el bien de los guerrerenses y \u00abpoder <img loading=\"lazy\" decoding=\"async\" class=\"alignleft size-medium wp-image-1227236\" src=\"https:\/\/www.acapulco.press\/wp-content\/uploads\/2021\/05\/DEBATE-CIDADANO-MARIO-375x610.jpg\" alt=\"\" width=\"375\" height=\"610\" \/>seguir avanzando con propuestas muy concretas, serias y realizables\u00bb porque As\u00ed Gana Guerrero.<\/p>\n<p style=\"text-align: justify;\">Moreno Arcos se\u00f1al\u00f3 como fundamental que los ciudadanos puedan conocer las propuestas de quienes pretendan gobernar este estado, por eso llam\u00f3 a la conciencia de todos \u00abpara lograr que este estado siga avanzando, se siga desarrollando\u00bb y no caer en el caos.<\/p>\n<p style=\"text-align: justify;\">Sin titubeos, Moreno Arcos respondi\u00f3 a los cuestionamientos planteados por l\u00edderes ciudadanos presentes en el foro del debate, y demostr\u00f3 con su exposici\u00f3n que conoce con claridad los distintos temas, adem\u00e1s de saber lo que deber\u00e1 hacer como gobernador, con una gran precisi\u00f3n.<\/p>\n<p style=\"text-align: justify;\">Puntualiz\u00f3 que dar\u00e1 certeza a la inversi\u00f3n privada, pues ya ha firmado compromisos con la clase empresarial y c\u00f3mo parte estrat\u00e9gica de su proyecto dijo que \u00abLa miner\u00eda en Guerrero tiene un enorme potencial\u00bb por eso plantea \u00abfortalecer el cl\u00faster minero\u00bb, que siga siendo atractivo a inversionistas.<\/p>\n<p style=\"text-align: justify;\">Insisti\u00f3 en que el turismo, el campo y la miner\u00eda deben ser lo que \u00abapalanque el desarrollo de este estado\u00bb, por eso dar\u00e1 todas las facilidades a las mineras para que tengan certeza jur\u00eddica, adem\u00e1s de que generen empleos y beneficios para las comunidades donde se establezcan.<\/p>\n<p style=\"text-align: justify;\">Lament\u00f3 que el campo guerrerense se ha olvidado, pues \u00abhoy m\u00e1s que nunca el gobierno federal retir\u00f3 todos los apoyos, todos los incentivos al campo, lo \u00fanico que se qued\u00f3 es el fertilizante y muy recortado\u00bb por eso habr\u00e1 en su gobierno \u00abuna inversi\u00f3n sin precedente al campo guerrerense\u00bb y lograr la certificaci\u00f3n de los productos agropecuarios del estado.<\/p>\n<p style=\"text-align: justify;\">Su propuesta es que la zona Norte, la Tierra Caliente y la Costa Chica, puedan ser los graneros de este estado: \u00abpero principalmente lo graneros de este pa\u00eds\u201d y para ello recalc\u00f3, \u201chay que tecnificar el campo, hay que llevar paquetes tecnol\u00f3gicos, semilla mejorada, que nos permitan catapultar el campo guerrerense\u00bb insisti\u00f3.<\/p>\n<p style=\"text-align: justify;\">Plante\u00f3 atender como prioridad el tema de la conectividad, a trav\u00e9s de la creaci\u00f3n de una plataforma digital y para cada municipio impulsar \u00abun plan rector de desarrollo urbano; apoyado del gobierno federal, el gobierno estatal y con los gobiernos municipales\u00bb, adem\u00e1s de poder llevar los servicios b\u00e1sicos que se necesitan.<\/p>\n<p style=\"text-align: justify;\">Finalmente, pidi\u00f3 la confianza de todos los ciudadanos, pues \u00abla alianza es por Guerrero\u00bb y es una \u00abalianza por las y los guerrerenses\u00bb una alianza ganadora conformada por el PRI y el PRD, partidos que juntos ser\u00e1n gobierno tras ganar el pr\u00f3ximo 6 de junio.<\/p>\n<div style=\"width: 1160px;\" class=\"wp-video\"><video class=\"wp-video-shortcode\" id=\"video-1227235-1\" width=\"1160\" height=\"653\" preload=\"metadata\" controls=\"controls\"><source type=\"video\/mp4\" src=\"https:\/\/www.acapulco.press\/wp-content\/uploads\/2021\/05\/DEBATE-CIUDADANO-UNO.mp4?_=1\" \/><a href=\"https:\/\/www.acapulco.press\/wp-content\/uploads\/2021\/05\/DEBATE-CIUDADANO-UNO.mp4\">https:\/\/www.acapulco.press\/wp-content\/uploads\/2021\/05\/DEBATE-CIUDADANO-UNO.mp4<\/a><\/video><\/div>\n<div style=\"width: 1160px;\" class=\"wp-video\"><video class=\"wp-video-shortcode\" id=\"video-1227235-2\" width=\"1160\" height=\"653\" preload=\"metadata\" controls=\"controls\"><source type=\"video\/mp4\" src=\"https:\/\/www.acapulco.press\/wp-content\/uploads\/2021\/05\/DEBATE-CIUDADANO-DOS.mp4?_=2\" \/><a href=\"https:\/\/www.acapulco.press\/wp-content\/uploads\/2021\/05\/DEBATE-CIUDADANO-DOS.mp4\">https:\/\/www.acapulco.press\/wp-content\/uploads\/2021\/05\/DEBATE-CIUDADANO-DOS.mp4<\/a><\/video><\/div>\n<div style=\"width: 1160px;\" class=\"wp-video\"><video class=\"wp-video-shortcode\" id=\"video-1227235-3\" width=\"1160\" height=\"653\" preload=\"metadata\" controls=\"controls\"><source type=\"video\/mp4\" src=\"https:\/\/www.acapulco.press\/wp-content\/uploads\/2021\/05\/DEBATE-CUIDADANO-TRES.mp4?_=3\" \/><a href=\"https:\/\/www.acapulco.press\/wp-content\/uploads\/2021\/05\/DEBATE-CUIDADANO-TRES.mp4\">https:\/\/www.acapulco.press\/wp-content\/uploads\/2021\/05\/DEBATE-CUIDADANO-TRES.mp4<\/a><\/video><\/div>\n<div style=\"width: 1160px;\" class=\"wp-video\"><video class=\"wp-video-shortcode\" id=\"video-1227235-4\" width=\"1160\" height=\"653\" preload=\"metadata\" controls=\"controls\"><source type=\"video\/mp4\" src=\"https:\/\/www.acapulco.press\/wp-content\/uploads\/2021\/05\/DEBATE-CIUDADANO-CUATRO.mp4?_=4\" \/><a href=\"https:\/\/www.acapulco.press\/wp-content\/uploads\/2021\/05\/DEBATE-CIUDADANO-CUATRO.mp4\">https:\/\/www.acapulco.press\/wp-content\/uploads\/2021\/05\/DEBATE-CIUDADANO-CUATRO.mp4<\/a><\/video><\/div>\n","protected":false},"excerpt":{"rendered":"<p>] CHILPANCINGO. &#8216; 12 de mayo de 2021. ) Especial. Al acudir como invitado al debate p\u00fablico ciudadano que organiz\u00f3 Coparmex Guerrero, el candidato de la alianza PRI-PRD Mario Moreno Arcos reafirm\u00f3 su compromiso para trabajar por el bien de los guerrerenses y \u00abpoder seguir avanzando con propuestas muy concretas, serias y realizables\u00bb porque As\u00ed&#8230;<\/p>\n","protected":false},"author":2,"featured_media":1227238,"comment_status":"closed","ping_status":"closed","sticky":false,"template":"","format":"standard","meta":{"footnotes":""},"categories":[2053,1972],"tags":[2914,5938,7020,7799,12685],"class_list":["post-1227235","post","type-post","status-publish","format-standard","has-post-thumbnail","hentry","category-elecciones-special","category-special","tag-vaxguerrero","tag-coalicion-pri-prd","tag-debate-ciudadano-coparmex","tag-eleccion-guerrero-2021","tag-mario-moreno-arcos"],"_links":{"self":[{"href":"https:\/\/www.acapulcopress.com\/index.php\/wp-json\/wp\/v2\/posts\/1227235","targetHints":{"allow":["GET"]}}],"collection":[{"href":"https:\/\/www.acapulcopress.com\/index.php\/wp-json\/wp\/v2\/posts"}],"about":[{"href":"https:\/\/www.acapulcopress.com\/index.php\/wp-json\/wp\/v2\/types\/post"}],"author":[{"embeddable":true,"href":"https:\/\/www.acapulcopress.com\/index.php\/wp-json\/wp\/v2\/users\/2"}],"replies":[{"embeddable":true,"href":"https:\/\/www.acapulcopress.com\/index.php\/wp-json\/wp\/v2\/comments?post=1227235"}],"version-history":[{"count":0,"href":"https:\/\/www.acapulcopress.com\/index.php\/wp-json\/wp\/v2\/posts\/1227235\/revisions"}],"wp:featuredmedia":[{"embeddable":true,"href":"https:\/\/www.acapulcopress.com\/index.php\/wp-json\/"}],"wp:attachment":[{"href":"https:\/\/www.acapulcopress.com\/index.php\/wp-json\/wp\/v2\/media?parent=1227235"}],"wp:term":[{"taxonomy":"category","embeddable":true,"href":"https:\/\/www.acapulcopress.com\/index.php\/wp-json\/wp\/v2\/categories?post=1227235"},{"taxonomy":"post_tag","embeddable":true,"href":"https:\/\/www.acapulcopress.com\/index.php\/wp-json\/wp\/v2\/tags?post=1227235"}],"curies":[{"name":"wp","href":"https:\/\/api.w.org\/{rel}","templated":true}]}}