{"id":1227247,"date":"2021-05-12T22:40:27","date_gmt":"2021-05-13T03:40:27","guid":{"rendered":"https:\/\/www.acapulco.press\/?p=1227247"},"modified":"2021-05-12T22:40:27","modified_gmt":"2021-05-13T03:40:27","slug":"accion-nacional-demanda-indemnizacion-justa-para-victimas-de-linea-12","status":"publish","type":"post","link":"https:\/\/www.acapulcopress.com\/index.php\/2021\/05\/12\/accion-nacional-demanda-indemnizacion-justa-para-victimas-de-linea-12\/","title":{"rendered":"Acci\u00f3n Nacional demanda indemnizaci\u00f3n justa para v\u00edctimas de L\u00ednea 12"},"content":{"rendered":"<p style=\"text-align: justify;\">] CIUDAD DE M\u00c9XICO. &#8216; 12 de mayo de 2021.<br \/>\n<em>) Comunicado.<\/em><\/p>\n<p style=\"text-align: justify;\">El Partido Acci\u00f3n Nacional (PAN) reclama al gobierno de la Ciudad de M\u00e9xico apegarse a la ley e indemnizar de manera justa a los familiares de los fallecidos en el accidente de la <em>L\u00ednea 12<\/em> del Metro, as\u00ed como a los heridos, con la cantidad justa y apegada a la reparaci\u00f3n del da\u00f1o, y no con 40, 50 o 650 mil pesos, que est\u00e1 muy por debajo de lo que debe recibir cada uno.<\/p>\n<p style=\"text-align: justify;\">Independientemente de preferencias pol\u00edticas y sin que sea a cambio de nada, Acci\u00f3n Nacional ofrece la asesor\u00eda jur\u00eddica a los deudos de los fallecidos y de los lesionados en la tragedia criminal de la L\u00ednea 12 del metro, les recomendamos a todos que sean jur\u00eddicamente asesorados antes de firmar finiquitos por la reparaci\u00f3n de sus da\u00f1os y perjuicios, porque la cantidad que ofrecen es una burla y tanto la Ley como precedentes de la Suprema Corte de Justicia de la Naci\u00f3n obligan al gobierno a indemnizaciones mayores.<\/p>\n<p style=\"text-align: justify;\">Consideramos un deber humano ayudar a quienes no cuentan con asesor\u00eda legal y actualmente son presa de \u201ccoyotes\u201d. Por eso Acci\u00f3n Nacional pone a disposici\u00f3n su cuerpo de abogados para dar asesoramiento sin costo alguno a las v\u00edctimas de esta tragedia, declar\u00f3 su dirigente Marko Cort\u00e9s Mendoza, en conferencia de prensa en la que estuvo acompa\u00f1ado por el Director General Jur\u00eddico del partido, Raymundo Bola\u00f1os Az\u00f3car.<\/p>\n<p style=\"text-align: justify;\">Hay responsables claros de este accidente y diversas situaciones an\u00f3malas e irregulares que se presentaron, donde se acredita perfectamente la responsabilidad de diversos servidores y ex servidores p\u00fablicos, entre ellos el ex Jefe de Gobierno y su Secretario de Finanzas, Marcelo Ebrard y Mario Delgado, responsables de la construcci\u00f3n de la L\u00ednea 12 que registr\u00f3 diversas irregularidades documentadas por la Auditor\u00eda Superior de la Federaci\u00f3n, agreg\u00f3<\/p>\n<p style=\"text-align: justify;\">Asimismo, la actual Jefa de Gobierno, Claudia Sheinbaum, y la directora general del Metro, Florencia Serran\u00eda, quien no consider\u00f3 necesario nombrar a una persona responsables de la Subdirecci\u00f3n General de Mantenimiento, \u00e1rea que estuvo ac\u00e9fala durante m\u00e1s de un a\u00f1o, por lo que ella asumi\u00f3 las funciones y responsabilidades de dicha \u00e1rea.<\/p>\n<p style=\"text-align: justify;\">Tampoco se ha actualizado el Programa Institucional del Sistema de Transporte Colectivo Metro, que corresponde al periodo 2013-2018, que s\u00ed prev\u00e9 la \u201cinstrumentaci\u00f3n topogr\u00e1fica y especializada, monitoreo sistem\u00e1tico para verificar el comportamiento del viaducto elevado, el tramo superficial, as\u00ed como el an\u00e1lisis del comportamiento del tramo subterr\u00e1neo con base en secciones de convergencia-divergencia.<\/p>\n<p style=\"text-align: justify;\">Acci\u00f3n Nacional sostiene que la tragedia de la L\u00ednea 12 no fue un accidente sino fruto de la corrupci\u00f3n, la ineficacia y la negligencia de servidores y ex servidores p\u00fablicos, por lo tanto, las familias de las v\u00edctimas de este fatal acontecimiento tienen derecho a una indemnizaci\u00f3n justa.<\/p>\n","protected":false},"excerpt":{"rendered":"<p>] CIUDAD DE M\u00c9XICO. &#8216; 12 de mayo de 2021. ) Comunicado. El Partido Acci\u00f3n Nacional (PAN) reclama al gobierno de la Ciudad de M\u00e9xico apegarse a la ley e indemnizar de manera justa a los familiares de los fallecidos en el accidente de la L\u00ednea 12 del Metro, as\u00ed como a los heridos, con&#8230;<\/p>\n","protected":false},"author":2,"featured_media":1227248,"comment_status":"closed","ping_status":"closed","sticky":false,"template":"","format":"standard","meta":{"footnotes":""},"categories":[1969],"tags":[5851,11988,12720,14269],"class_list":["post-1227247","post","type-post","status-publish","format-standard","has-post-thumbnail","hentry","category-trending","tag-claudia-sheinbaum","tag-linea-12-del-metro","tag-marko-cortes-mendoza","tag-partido-accion-nacional-pan"],"_links":{"self":[{"href":"https:\/\/www.acapulcopress.com\/index.php\/wp-json\/wp\/v2\/posts\/1227247","targetHints":{"allow":["GET"]}}],"collection":[{"href":"https:\/\/www.acapulcopress.com\/index.php\/wp-json\/wp\/v2\/posts"}],"about":[{"href":"https:\/\/www.acapulcopress.com\/index.php\/wp-json\/wp\/v2\/types\/post"}],"author":[{"embeddable":true,"href":"https:\/\/www.acapulcopress.com\/index.php\/wp-json\/wp\/v2\/users\/2"}],"replies":[{"embeddable":true,"href":"https:\/\/www.acapulcopress.com\/index.php\/wp-json\/wp\/v2\/comments?post=1227247"}],"version-history":[{"count":0,"href":"https:\/\/www.acapulcopress.com\/index.php\/wp-json\/wp\/v2\/posts\/1227247\/revisions"}],"wp:featuredmedia":[{"embeddable":true,"href":"https:\/\/www.acapulcopress.com\/index.php\/wp-json\/"}],"wp:attachment":[{"href":"https:\/\/www.acapulcopress.com\/index.php\/wp-json\/wp\/v2\/media?parent=1227247"}],"wp:term":[{"taxonomy":"category","embeddable":true,"href":"https:\/\/www.acapulcopress.com\/index.php\/wp-json\/wp\/v2\/categories?post=1227247"},{"taxonomy":"post_tag","embeddable":true,"href":"https:\/\/www.acapulcopress.com\/index.php\/wp-json\/wp\/v2\/tags?post=1227247"}],"curies":[{"name":"wp","href":"https:\/\/api.w.org\/{rel}","templated":true}]}}