{"id":1227253,"date":"2021-05-12T22:57:01","date_gmt":"2021-05-13T03:57:01","guid":{"rendered":"https:\/\/www.acapulco.press\/?p=1227253"},"modified":"2021-05-12T22:57:01","modified_gmt":"2021-05-13T03:57:01","slug":"ricardo-taja-solucionara-descargas-de-aguas-negras-en-la-bahia-de-acapulco","status":"publish","type":"post","link":"https:\/\/www.acapulcopress.com\/index.php\/2021\/05\/12\/ricardo-taja-solucionara-descargas-de-aguas-negras-en-la-bahia-de-acapulco\/","title":{"rendered":"Ricardo Taja solucionar\u00e1 descargas de aguas negras en la bah\u00eda de Acapulco"},"content":{"rendered":"<p style=\"text-align: justify;\"><img loading=\"lazy\" decoding=\"async\" class=\"alignnone wp-image-1227257 size-large\" src=\"https:\/\/www.acapulco.press\/wp-content\/uploads\/2021\/05\/TAJA4-3-840x560.jpeg\" alt=\"\" width=\"840\" height=\"560\" \/><\/p>\n<p>] ACAPULCO. &#8216; 12 de mayo de 2021.<br \/>\n<em>) Especial.<\/em><\/p>\n<p style=\"text-align: justify;\">El candidato a la alcald\u00eda de Acapulco por la coalici\u00f3n PRI\/PRD, Ricardo Taja Ram\u00edrez. present\u00f3 su agenda de compromisos en el \u00e1rea tur\u00edstica, considerada fundamental para la vida econ\u00f3mica de Acapulco, el cual ha estado en <img loading=\"lazy\" decoding=\"async\" class=\"alignleft size-medium wp-image-1227258\" src=\"https:\/\/www.acapulco.press\/wp-content\/uploads\/2021\/05\/TAJA5-2-375x250.jpeg\" alt=\"\" width=\"375\" height=\"250\" \/>el abandono por la actual administraci\u00f3n.<\/p>\n<p style=\"text-align: justify;\">En playa Manzanillo, acompa\u00f1ado por prestadores de servicios tur\u00edsticos, Taja Ram\u00edrez dijo a prestadores de servicio que en \u00e9l encontrar\u00e1n a un presidente que los va apoyar con humildad y asegur\u00f3 que su gobierno ser\u00e1 sensible y con rostro humano.<\/p>\n<p style=\"text-align: justify;\">El presidente de los astilleros, Alberto Lara de los Santos, dijo que el gobierno de Adela Rom\u00e1n los desaloj\u00f3 y us\u00f3 la fuerza p\u00fablica para hacerlo, por lo que adelant\u00f3 que su voto de confianza va para Ricardo Taja, quien les asegur\u00f3 que con <img loading=\"lazy\" decoding=\"async\" class=\"alignleft size-medium wp-image-1227256\" src=\"https:\/\/www.acapulco.press\/wp-content\/uploads\/2021\/05\/TAJA3-3-375x250.jpeg\" alt=\"\" width=\"375\" height=\"250\" \/>\u00e9l nadie ser\u00e1 desalojado y todos recibir\u00e1n un trato digno, acordando tener reuniones cada tres meses para escuchar sus inquietudes y necesidades.<\/p>\n<p style=\"text-align: justify;\">Acapulco ha tenido malos gobiernos, \u00abpero \u00e9ste se lleva el n\u00famero uno en la historia de Acapulco por ser el m\u00e1s malo y peor de todos, por eso trabajar\u00e9 mucho y muy duro para poder recuperar la grandeza de Acapulco y este puerto volver\u00e1 a brillar\u201d, anunci\u00f3.<\/p>\n<p style=\"text-align: justify;\">Acompa\u00f1ado por la exdiputada Guadalupe G\u00f3mez Maganda, Jes\u00fas Zamora, asesor jur\u00eddico del frente de defensa; Hip\u00f3lita Olmedo, vicepresidenta del Frente, Arturo Pantoja, presidente de sociedades cooperativas en vanguardia y de Eduardo Rom\u00e1n, Taja Ram\u00edrez firm\u00f3 los primeros compromisos en esta \u00e1rea tan importante para Acapulco.<\/p>\n<p style=\"text-align: justify;\">Entre los compromisos se anunci\u00f3 la creaci\u00f3n del Consejo de Promoci\u00f3n Tur\u00edstica, la inyecci\u00f3n de un mayor presupuesto para la dependencia, el impulso para la realizaci\u00f3n de eventos de alto impacto como el Festival Acapulco que ser\u00e1 el m\u00e1s grande de todos los tiempos con eventos art\u00edsticos, culturales y deportivos.<\/p>\n<p style=\"text-align: justify;\">Taja Ram\u00edrez anunci\u00f3 que cada fin de semana habr\u00e1 grupos musicales locales en la playa, rescatar\u00e1 el M\u00e1gico Mundo Marino, cambiar\u00e1 la imagen urbana de la costera para que vaya todo acorde, habr\u00e1 alumbrado p\u00fablico en todos los accesos a playas, traer\u00e1 una naviera para que de aqu\u00ed salgan los cruceros y crear\u00e1 un nuevo centro de convenciones.<\/p>\n<p style=\"text-align: justify;\">Otros compromisos con el parque ecotur\u00edstico en La Roqueta, el Cristo m\u00e1s grande del mundo en El Veladero que incluir\u00e1 senderismo adem\u00e1s de uniformar y credenciales para todos los prestadores de servicios de playa para exista el orden<\/p>\n<p style=\"text-align: justify;\">Agreg\u00f3 que solo tendr\u00e1 funcionarios honestos trabajando con \u00e9l, dijo que junto a Mario Moreno cambiar\u00e1n todo el mobiliario de toda la franja costera y mejorar\u00e1n la imagen urbana de las playas. Reiter\u00f3 que no habr\u00e1 m\u00e1s descargas de aguas negras y finaliz\u00f3 que se partir\u00e1 el alma por las familias de Acapulco.<\/p>\n<p style=\"text-align: justify;\">Por \u00faltimo, agreg\u00f3 que buscar\u00e1 ser el mejor amigo del presidente y as\u00ed poder ayudarle, pues ataj\u00f3 que el problema de Andr\u00e9s Manuel se llama Morena y que, una vez en el gobierno, el s\u00ed le dar\u00e1 buenos resultados al presidente de la Rep\u00fablica. Ojal\u00e1 me den la oportunidad para demostrar c\u00f3mo gobernar en Acapulco.<\/p>\n<p><img loading=\"lazy\" decoding=\"async\" class=\"alignnone wp-image-1227254 size-large\" src=\"https:\/\/www.acapulco.press\/wp-content\/uploads\/2021\/05\/TAJA-3-840x560.jpeg\" alt=\"\" width=\"840\" height=\"560\" \/><\/p>\n","protected":false},"excerpt":{"rendered":"<p>] ACAPULCO. &#8216; 12 de mayo de 2021. ) Especial. El candidato a la alcald\u00eda de Acapulco por la coalici\u00f3n PRI\/PRD, Ricardo Taja Ram\u00edrez. present\u00f3 su agenda de compromisos en el \u00e1rea tur\u00edstica, considerada fundamental para la vida econ\u00f3mica de Acapulco, el cual ha estado en el abandono por la actual administraci\u00f3n. En playa Manzanillo,&#8230;<\/p>\n","protected":false},"author":2,"featured_media":1227255,"comment_status":"closed","ping_status":"closed","sticky":false,"template":"","format":"standard","meta":{"footnotes":""},"categories":[2052,18561],"tags":[5938,14895,15606],"class_list":["post-1227253","post","type-post","status-publish","format-standard","has-post-thumbnail","hentry","category-elecciones","category-society-politics","tag-coalicion-pri-prd","tag-presidencia-de-acapulco","tag-ricardo-taja-ramirez"],"_links":{"self":[{"href":"https:\/\/www.acapulcopress.com\/index.php\/wp-json\/wp\/v2\/posts\/1227253","targetHints":{"allow":["GET"]}}],"collection":[{"href":"https:\/\/www.acapulcopress.com\/index.php\/wp-json\/wp\/v2\/posts"}],"about":[{"href":"https:\/\/www.acapulcopress.com\/index.php\/wp-json\/wp\/v2\/types\/post"}],"author":[{"embeddable":true,"href":"https:\/\/www.acapulcopress.com\/index.php\/wp-json\/wp\/v2\/users\/2"}],"replies":[{"embeddable":true,"href":"https:\/\/www.acapulcopress.com\/index.php\/wp-json\/wp\/v2\/comments?post=1227253"}],"version-history":[{"count":0,"href":"https:\/\/www.acapulcopress.com\/index.php\/wp-json\/wp\/v2\/posts\/1227253\/revisions"}],"wp:featuredmedia":[{"embeddable":true,"href":"https:\/\/www.acapulcopress.com\/index.php\/wp-json\/"}],"wp:attachment":[{"href":"https:\/\/www.acapulcopress.com\/index.php\/wp-json\/wp\/v2\/media?parent=1227253"}],"wp:term":[{"taxonomy":"category","embeddable":true,"href":"https:\/\/www.acapulcopress.com\/index.php\/wp-json\/wp\/v2\/categories?post=1227253"},{"taxonomy":"post_tag","embeddable":true,"href":"https:\/\/www.acapulcopress.com\/index.php\/wp-json\/wp\/v2\/tags?post=1227253"}],"curies":[{"name":"wp","href":"https:\/\/api.w.org\/{rel}","templated":true}]}}