{"id":1227269,"date":"2021-05-12T23:32:46","date_gmt":"2021-05-13T04:32:46","guid":{"rendered":"https:\/\/www.acapulco.press\/?p=1227269"},"modified":"2021-05-12T23:32:46","modified_gmt":"2021-05-13T04:32:46","slug":"manuel-abud-nuevo-presidente-de-los-latin-grammy","status":"publish","type":"post","link":"https:\/\/www.acapulcopress.com\/index.php\/2021\/05\/12\/manuel-abud-nuevo-presidente-de-los-latin-grammy\/","title":{"rendered":"Manuel Abud, nuevo presidente de los Latin Grammy"},"content":{"rendered":"<p style=\"text-align: justify;\">] LOS \u00c1NGELES. &#8216; 12 de mayo de 2021.<br \/>\n<em>) <a href=\"https:\/\/www.efe.com\/efe\/america\/cultura\/los-latin-grammy-nombran-como-presidente-a-manuel-abud\/20000009-4535035\" target=\"_blank\" rel=\"noopener\">Efe<\/a>.<\/em><\/p>\n<p style=\"text-align: justify;\">La Academia Latina de la Grabaci\u00f3n, instituci\u00f3n que entrega cada a\u00f1o los Latin Grammy, anunci\u00f3 este mi\u00e9rcoles el nombramiento de Manuel Abud como su nuevo presidente.<\/p>\n<p style=\"text-align: justify;\">El actual dirigente, Gabriel Abaroa, Jr., continuar\u00e1 como \u00abpresidente em\u00e9rito\u00bb, un cargo desde el que asesorar\u00e1 a esta instituci\u00f3n, que actualmente se encuentra en un proceso de renovaci\u00f3n que comenz\u00f3 en 2019.<\/p>\n<p style=\"text-align: justify;\">\u00abAntes de llegar aqu\u00ed en 2019, admir\u00e9 durante mucho tiempo la excelencia de la organizaci\u00f3n y espero seguir construyendo un legado que apoye y reconozca a la m\u00fasica latina\u00bb, afirm\u00f3 en un comunicado el nuevo presidente, que hasta ahora trabajaba como jefe de operaciones de la Academia.<\/p>\n<p style=\"text-align: justify;\">La experiencia previa de Abud est\u00e1 centrada en el negocio televisivo, ya que dirigi\u00f3 Azteca Am\u00e9rica, el canal destinado al p\u00fablico hispano en EUA del Grupo Salinas, y antes trabaj\u00f3 durante 14 a\u00f1os en el grupo NBC Universal, que controla Telemundo.<\/p>\n<p style=\"text-align: justify;\">Desde su fichaje por la Academia, Abud puso en marcha una nueva estrategia digital para la instituci\u00f3n.<\/p>\n<p style=\"text-align: justify;\">En los \u00faltimos a\u00f1os la instituci\u00f3n ha tratado de renovarse para acercarse a los nuevos p\u00fablicos y g\u00e9neros musicales, en un momento en el que la m\u00fasica urbana latina goza de popularidad en todo el mundo y ocupa un puesto destacado en las entregas de premios anglosajones.<\/p>\n<p style=\"text-align: justify;\">Asimismo, la Academia cre\u00f3 la Fundaci\u00f3n Cultural Latin Grammy en 2014 para promover la cultura latina a trav\u00e9s de becas, subvenciones y programas educativos.<\/p>\n<p style=\"text-align: justify;\">Los pr\u00f3ximos Latin Grammy est\u00e1n previstos para oto\u00f1o de este a\u00f1o y esta vez, si las condiciones lo permiten, con una gala presencial que se emitir\u00e1 por Univisi\u00f3n.<\/p>\n<p style=\"text-align: justify;\"><code><\/code><\/p>\n<blockquote class=\"twitter-tweet\">\n<p dir=\"ltr\" lang=\"es\">La Academia Latina de la Grabaci\u00f3n\u00ae anuncia nuevo liderazgo buscando capitalizar oportunidades de crecimiento. Nombra CEO a Manuel Abud y<br \/>\nGabriel Abaroa, Jr. asumir\u00e1 el nuevo cargo de Presidente Em\u00e9rito <a href=\"https:\/\/t.co\/6c9kdgnu9H\">https:\/\/t.co\/6c9kdgnu9H<\/a> <a href=\"https:\/\/t.co\/yA8cYMrxQX\">pic.twitter.com\/yA8cYMrxQX<\/a><\/p>\n<p>\u2014 The Latin Recording Academy \/ Latin GRAMMYs (@LatinGRAMMYs) <a href=\"https:\/\/twitter.com\/LatinGRAMMYs\/status\/1392520326735597571?ref_src=twsrc%5Etfw\">May 12, 2021<\/a><\/p><\/blockquote>\n<p style=\"text-align: justify;\"><script async src=\"https:\/\/platform.twitter.com\/widgets.js\" charset=\"utf-8\"><\/script><\/p>\n","protected":false},"excerpt":{"rendered":"<p>] LOS \u00c1NGELES. &#8216; 12 de mayo de 2021. ) Efe. La Academia Latina de la Grabaci\u00f3n, instituci\u00f3n que entrega cada a\u00f1o los Latin Grammy, anunci\u00f3 este mi\u00e9rcoles el nombramiento de Manuel Abud como su nuevo presidente. El actual dirigente, Gabriel Abaroa, Jr., continuar\u00e1 como \u00abpresidente em\u00e9rito\u00bb, un cargo desde el que asesorar\u00e1 a esta&#8230;<\/p>\n","protected":false},"author":2,"featured_media":1227270,"comment_status":"closed","ping_status":"closed","sticky":false,"template":"","format":"standard","meta":{"footnotes":""},"categories":[18563,1988],"tags":[11698,12359],"class_list":["post-1227269","post","type-post","status-publish","format-standard","has-post-thumbnail","hentry","category-entretenimiento","category-lifestyles","tag-latin-grammy","tag-manuel-abud"],"_links":{"self":[{"href":"https:\/\/www.acapulcopress.com\/index.php\/wp-json\/wp\/v2\/posts\/1227269","targetHints":{"allow":["GET"]}}],"collection":[{"href":"https:\/\/www.acapulcopress.com\/index.php\/wp-json\/wp\/v2\/posts"}],"about":[{"href":"https:\/\/www.acapulcopress.com\/index.php\/wp-json\/wp\/v2\/types\/post"}],"author":[{"embeddable":true,"href":"https:\/\/www.acapulcopress.com\/index.php\/wp-json\/wp\/v2\/users\/2"}],"replies":[{"embeddable":true,"href":"https:\/\/www.acapulcopress.com\/index.php\/wp-json\/wp\/v2\/comments?post=1227269"}],"version-history":[{"count":0,"href":"https:\/\/www.acapulcopress.com\/index.php\/wp-json\/wp\/v2\/posts\/1227269\/revisions"}],"wp:featuredmedia":[{"embeddable":true,"href":"https:\/\/www.acapulcopress.com\/index.php\/wp-json\/"}],"wp:attachment":[{"href":"https:\/\/www.acapulcopress.com\/index.php\/wp-json\/wp\/v2\/media?parent=1227269"}],"wp:term":[{"taxonomy":"category","embeddable":true,"href":"https:\/\/www.acapulcopress.com\/index.php\/wp-json\/wp\/v2\/categories?post=1227269"},{"taxonomy":"post_tag","embeddable":true,"href":"https:\/\/www.acapulcopress.com\/index.php\/wp-json\/wp\/v2\/tags?post=1227269"}],"curies":[{"name":"wp","href":"https:\/\/api.w.org\/{rel}","templated":true}]}}