{"id":1227276,"date":"2021-05-13T19:08:16","date_gmt":"2021-05-14T00:08:16","guid":{"rendered":"https:\/\/www.acapulco.press\/?p=1227276"},"modified":"2021-05-13T19:08:16","modified_gmt":"2021-05-14T00:08:16","slug":"fiscalia-guerrero-vincula-a-proceso-a-un-violador-de-tlapa","status":"publish","type":"post","link":"https:\/\/www.acapulcopress.com\/index.php\/2021\/05\/13\/fiscalia-guerrero-vincula-a-proceso-a-un-violador-de-tlapa\/","title":{"rendered":"Fiscal\u00eda Guerrero vincula a proceso a un violador de Tlapa"},"content":{"rendered":"<p style=\"text-align: justify;\">] CIUDAD DE M\u00c9XICO. &#8216; 13 de mayo de 2021.<br \/>\n<em>) <a href=\"https:\/\/fiscaliaguerrero.gob.mx\" target=\"_blank\" rel=\"noopener\">https:\/\/fiscaliaguerrero.gob.mx<\/a><\/em>.<\/p>\n<p style=\"text-align: justify;\">El Ministerio P\u00fablico de regi\u00f3n Monta\u00f1a obtuvo vinculaci\u00f3n a proceso en contra de Francisco \u00abN\u00bb, como probable responsable del delito de Violaci\u00f3n Equiparada.<\/p>\n<p style=\"text-align: justify;\">De acuerdo a la carpeta judicial C-109\/2021 el acusado cometi\u00f3 el delito en agravio de la v\u00edctima en repetidas ocasiones siendo menor de edad.<\/p>\n<p style=\"text-align: justify;\">En la continuaci\u00f3n de la audiencia inicial, el Ministerio P\u00fablico solicit\u00f3 y obtuvo del Juez de Control y Enjuiciamiento Penal, con sede en Tlapa de Comonfort, la vinculaci\u00f3n a proceso, otorgando cuatro meses de investigaci\u00f3n complementaria, la cual fenece el d\u00eda 6 de septiembre de 2021.<\/p>\n<p style=\"text-align: justify;\">La Fiscal\u00eda General del Estado continuar\u00e1 investigando los delitos del fuero com\u00fan y con especial seguimiento los cometidos en temas de igualdad de g\u00e9nero y menores de edad en el estado de Guerrero.<\/p>\n","protected":false},"excerpt":{"rendered":"<p>] CIUDAD DE M\u00c9XICO. &#8216; 13 de mayo de 2021. ) https:\/\/fiscaliaguerrero.gob.mx. El Ministerio P\u00fablico de regi\u00f3n Monta\u00f1a obtuvo vinculaci\u00f3n a proceso en contra de Francisco \u00abN\u00bb, como probable responsable del delito de Violaci\u00f3n Equiparada. De acuerdo a la carpeta judicial C-109\/2021 el acusado cometi\u00f3 el delito en agravio de la v\u00edctima en repetidas ocasiones&#8230;<\/p>\n","protected":false},"author":2,"featured_media":1227277,"comment_status":"closed","ping_status":"closed","sticky":false,"template":"","format":"standard","meta":{"footnotes":""},"categories":[18561,2005],"tags":[8682,10946,14737],"class_list":["post-1227276","post","type-post","status-publish","format-standard","has-post-thumbnail","hentry","category-society-politics","category-seguridad-y-justicia","tag-fiscalia-general-de-guerrero-fge","tag-jorge-zuriel-de-los-santos-barrila","tag-policia-ministerial-de-guerrero"],"_links":{"self":[{"href":"https:\/\/www.acapulcopress.com\/index.php\/wp-json\/wp\/v2\/posts\/1227276","targetHints":{"allow":["GET"]}}],"collection":[{"href":"https:\/\/www.acapulcopress.com\/index.php\/wp-json\/wp\/v2\/posts"}],"about":[{"href":"https:\/\/www.acapulcopress.com\/index.php\/wp-json\/wp\/v2\/types\/post"}],"author":[{"embeddable":true,"href":"https:\/\/www.acapulcopress.com\/index.php\/wp-json\/wp\/v2\/users\/2"}],"replies":[{"embeddable":true,"href":"https:\/\/www.acapulcopress.com\/index.php\/wp-json\/wp\/v2\/comments?post=1227276"}],"version-history":[{"count":0,"href":"https:\/\/www.acapulcopress.com\/index.php\/wp-json\/wp\/v2\/posts\/1227276\/revisions"}],"wp:featuredmedia":[{"embeddable":true,"href":"https:\/\/www.acapulcopress.com\/index.php\/wp-json\/"}],"wp:attachment":[{"href":"https:\/\/www.acapulcopress.com\/index.php\/wp-json\/wp\/v2\/media?parent=1227276"}],"wp:term":[{"taxonomy":"category","embeddable":true,"href":"https:\/\/www.acapulcopress.com\/index.php\/wp-json\/wp\/v2\/categories?post=1227276"},{"taxonomy":"post_tag","embeddable":true,"href":"https:\/\/www.acapulcopress.com\/index.php\/wp-json\/wp\/v2\/tags?post=1227276"}],"curies":[{"name":"wp","href":"https:\/\/api.w.org\/{rel}","templated":true}]}}