{"id":1227286,"date":"2021-05-13T21:25:35","date_gmt":"2021-05-14T02:25:35","guid":{"rendered":"https:\/\/www.acapulco.press\/?p=1227286"},"modified":"2021-05-13T21:25:35","modified_gmt":"2021-05-14T02:25:35","slug":"munoz-ledo-pide-no-votar-por-morena-en-guerrero-para-impedir-la-monarquia-de-felix-y-evelyn-salgado","status":"publish","type":"post","link":"https:\/\/www.acapulcopress.com\/index.php\/2021\/05\/13\/munoz-ledo-pide-no-votar-por-morena-en-guerrero-para-impedir-la-monarquia-de-felix-y-evelyn-salgado\/","title":{"rendered":"Mu\u00f1oz Ledo pide no votar por Morena en Guerrero para impedir la monarqu\u00eda de F\u00e9lix y Evelyn Salgado"},"content":{"rendered":"<p style=\"text-align: justify;\">\u00bb <strong>\u00c1ngel Blanco<\/strong>.<br \/>\nTWITTER. &#8216; 13 de mayo de 2021.<br \/>\n<em>) Acapulco.press.<\/em><\/p>\n<p style=\"text-align: justify;\">Porfirio Mu\u00f1oz Ledo, ex aspirante a presidente del Comit\u00e9 Ejecutivo Nacional de Morena y diputado federal por ese partido,\u00a0 convoc\u00f3\u00a0 a los guerrerenses a no votar por Morena en la pr\u00f3xima elecci\u00f3n del 6 de junio, a fin de no convertir al Estado en en \u00ab\u00ednsula bananera\u201d.<\/p>\n<p style=\"text-align: justify;\">El &#8216;viejo lobo de mar&#8217;, como se conoce en muchos c\u00edrculos de la pol\u00edtica nacional al pol\u00edtico con suficientes test\u00edculos para criticar las malas acciones que ocurren en su partido y las malas decisiones del propio Presidente de la <img loading=\"lazy\" decoding=\"async\" class=\"alignleft size-medium wp-image-1227296\" src=\"https:\/\/www.acapulco.press\/wp-content\/uploads\/2021\/05\/MUNOZ-LEDO-375x190.png\" alt=\"\" width=\"375\" height=\"190\" \/>Rep\u00fablica, a trav\u00e9s de su cuenta de<em> Twitter<\/em> afirm\u00f3 que\u00a0 lo que ocurre en Guerrero &#8211;donde se design\u00f3 como abanderada de su partido a la gubernatura a Evelyn Salgado Pineda, hija de F\u00e9lix Salgado Macedonio, acusado e investigado a\u00fan por violaci\u00f3n sexual&#8211; es \u201cafrentoso\u201d para la democracia y \u201cultraja\u201d a los militantes.<\/p>\n<p style=\"text-align: justify;\">Por tal motivo, protest\u00f3 &#8211;\u00abcon respeto y amistad para los actores pol\u00edticos atrapados en esta \u00f3pera bufa\u00bb&#8211; por \u00ablas triqui\u00f1uelas electorales que desenmascaran delirios por una monarqu\u00eda tropical\u00bb y convoc\u00f3 a los ciudadanos guerrerenses a rechazar \u201cel designio de convertir a un estado pr\u00f3cer (como Guerrero) en \u00ednsula bananera\u201d y una \u00abmonarqu\u00eda tropical\u00bb que figura en los delirios de poder de F\u00e9lix Salgado Macedonio a trav\u00e9s de su hija, Evelyn Salgado..<\/p>\n<p style=\"text-align: justify;\">Mu\u00f1oz Ledo consider\u00f3 que la postulaci\u00f3n en Guerrero de la hija del ex candidato Salgado Macedonio, a quien se le retir\u00f3 su candidatura por no transparentar gastos de precampa\u00f1a, adem\u00e1s de ser se\u00f1alado por violencia sexual, es \u201cafrentoso para la democracia\u201d, adem\u00e1s de una afrenta para la democracia y un ultraje a los militantes de Morena.<\/p>\n<p style=\"text-align: justify;\"><strong>\u00bfQUI\u00c9N ES PORFIRIO MU\u00d1OZ LEDO?\u00a0<\/strong><\/p>\n<p style=\"text-align: justify;\">Porfirio Alejandro Mu\u00f1oz Ledo y Lazo de la Vega naci\u00f3 en la Ciudad de M\u00e9xico el 23 de julio de 1933.<\/p>\n<p style=\"text-align: justify;\">Curs\u00f3 la licenciatura en Derecho en la Universidad Nacional Aut\u00f3noma de M\u00e9xico (UNAM), con posgrado en la misma materia y realiz\u00f3 cursos de doctorado en Ciencia Pol\u00edtica y Derecho Constitucional en la Universidad de Par\u00eds,<\/p>\n<p style=\"text-align: justify;\">Su trayectoria pol\u00edtica es amplia y reconocida: Fue fundador y presidente del PRD; senador, diputado federal y candidato a la Presidencia de la Rep\u00fablica por el Partido Aut\u00e9ntico de la Revoluci\u00f3n Mexicana (PARM) en la elecci\u00f3n de 2000, partido al cual renunci\u00f3 para sumarse a la Alianza por el Cambio, cuyo candidato era Vicente Fox.<\/p>\n<p style=\"text-align: justify;\">Se ha desempe\u00f1ado, adem\u00e1s, en diversos puestos del servici<img loading=\"lazy\" decoding=\"async\" class=\"alignleft size-medium wp-image-1227288\" src=\"https:\/\/www.acapulco.press\/wp-content\/uploads\/2021\/05\/PROFIRIO-MUNOZ-LEDO-375x231.jpg\" alt=\"\" width=\"375\" height=\"231\" \/>o p\u00fablico.<\/p>\n<p style=\"text-align: justify;\">Ha sido docente en la Escuela Nacional Preparatoria, la Facultad de Ciencias Pol\u00edticas en la UNAM, la Escuela Normal Superior, el Colegio de M\u00e9xico y la Universidad de Toulouse en Francia.<\/p>\n<p style=\"text-align: justify;\">Mu\u00f1oz Ledo fue diputado en la LXI legislatura del Congreso de la Uni\u00f3n, por el Partido del Trabajo. Tambi\u00e9n ha sido acad\u00e9mico de El Colegio de M\u00e9xico, docente en la Escuela Nacional Preparatoria, la Facultad de Ciencias Pol\u00edticas en la UNAM, la Escuela Normal Superior y la Universidad de Toulouse en Francia.<\/p>\n<p style=\"text-align: justify;\">Fue secretario de Trabajo con el presidente Luis Echeverr\u00eda (1972-1975) y de Educaci\u00f3n con Jos\u00e9 L\u00f3pez Portillo (1976-1977). Asimismo, fue embajador de M\u00e9xico ante la ONU (1979-1985) y la Uni\u00f3n Europea (2001-2004). Adem\u00e1s, Porfirio Mu\u00f1oz Ledo fue asesor presidencial de Luis Echeverr\u00eda; consejero cultural en diversas embajadas, secretario general del IMSS (1966-1970) y presidente del PRI (1975) y el PRD (1993-1996).<\/p>\n<p style=\"text-align: justify;\">Antes de pertenecer a Morena, partido fundado por Andr\u00e9s Manuel L\u00f3pez Obrador, Porfirio Mu\u00f1oz Ledo inici\u00f3 su carrera pol\u00edtica en 1952 como militante del Partido Revolucionario Institucional (PRI), al que renunci\u00f3 para sumarse al PRD, junto con Andr\u00e9s Manuel L\u00f3pez Obrador y Cuauht\u00e9moc C\u00e1rdenas.<br \/>\nwww.<strong>acapulco.press<\/strong><\/p>\n","protected":false},"excerpt":{"rendered":"<p>\u00bb \u00c1ngel Blanco. TWITTER. &#8216; 13 de mayo de 2021. ) Acapulco.press. Porfirio Mu\u00f1oz Ledo, ex aspirante a presidente del Comit\u00e9 Ejecutivo Nacional de Morena y diputado federal por ese partido,\u00a0 convoc\u00f3\u00a0 a los guerrerenses a no votar por Morena en la pr\u00f3xima elecci\u00f3n del 6 de junio, a fin de no convertir al Estado&#8230;<\/p>\n","protected":false},"author":2,"featured_media":1227335,"comment_status":"closed","ping_status":"closed","sticky":false,"template":"","format":"standard","meta":{"footnotes":""},"categories":[2053,1972],"tags":[8241,8467,13261,13297,14784],"class_list":["post-1227286","post","type-post","status-publish","format-standard","has-post-thumbnail","hentry","category-elecciones-special","category-special","tag-evelyn-cecia-salgado-pineda","tag-felix-salgado-macedonio","tag-monarquia-tropical","tag-morena","tag-porfirio-munoz-ledo"],"_links":{"self":[{"href":"https:\/\/www.acapulcopress.com\/index.php\/wp-json\/wp\/v2\/posts\/1227286","targetHints":{"allow":["GET"]}}],"collection":[{"href":"https:\/\/www.acapulcopress.com\/index.php\/wp-json\/wp\/v2\/posts"}],"about":[{"href":"https:\/\/www.acapulcopress.com\/index.php\/wp-json\/wp\/v2\/types\/post"}],"author":[{"embeddable":true,"href":"https:\/\/www.acapulcopress.com\/index.php\/wp-json\/wp\/v2\/users\/2"}],"replies":[{"embeddable":true,"href":"https:\/\/www.acapulcopress.com\/index.php\/wp-json\/wp\/v2\/comments?post=1227286"}],"version-history":[{"count":0,"href":"https:\/\/www.acapulcopress.com\/index.php\/wp-json\/wp\/v2\/posts\/1227286\/revisions"}],"wp:featuredmedia":[{"embeddable":true,"href":"https:\/\/www.acapulcopress.com\/index.php\/wp-json\/"}],"wp:attachment":[{"href":"https:\/\/www.acapulcopress.com\/index.php\/wp-json\/wp\/v2\/media?parent=1227286"}],"wp:term":[{"taxonomy":"category","embeddable":true,"href":"https:\/\/www.acapulcopress.com\/index.php\/wp-json\/wp\/v2\/categories?post=1227286"},{"taxonomy":"post_tag","embeddable":true,"href":"https:\/\/www.acapulcopress.com\/index.php\/wp-json\/wp\/v2\/tags?post=1227286"}],"curies":[{"name":"wp","href":"https:\/\/api.w.org\/{rel}","templated":true}]}}