{"id":1227298,"date":"2021-05-13T22:08:54","date_gmt":"2021-05-14T03:08:54","guid":{"rendered":"https:\/\/www.acapulco.press\/?p=1227298"},"modified":"2021-05-13T22:08:54","modified_gmt":"2021-05-14T03:08:54","slug":"firma-mario-moreno-decalogo-por-la-inclusion-en-beneficio-de-discapacitados-de-guerrero","status":"publish","type":"post","link":"https:\/\/www.acapulcopress.com\/index.php\/2021\/05\/13\/firma-mario-moreno-decalogo-por-la-inclusion-en-beneficio-de-discapacitados-de-guerrero\/","title":{"rendered":"Firma Mario Moreno \u00abDec\u00e1logo por la Inclusi\u00f3n\u00bb en beneficio de discapacitados de Guerrero"},"content":{"rendered":"<p style=\"text-align: justify;\">] ACAPULCO. &#8216; 13 de mayo de 2021.<br \/>\n<em>) Especial.<\/em><\/p>\n<p style=\"text-align: justify;\">Con el firme compromiso de trabajar para apoyar a todos los sectores de la sociedad, el candidato de la alianza PRI-<img loading=\"lazy\" decoding=\"async\" class=\"alignleft size-medium wp-image-1227306\" src=\"https:\/\/www.acapulco.press\/wp-content\/uploads\/2021\/05\/DECALOGO-INCLUSION-MMA10-375x250.jpeg\" alt=\"\" width=\"375\" height=\"250\" \/>PRD Mario Moreno Arcos acudi\u00f3 como invitado de grupos organizados de personas con alguna discapacidad, con quienes firm\u00f3 un dec\u00e1logo por la inclusi\u00f3n.<\/p>\n<p style=\"text-align: justify;\">Moreno Arcos asegur\u00f3 que tendr\u00e1 un gobierno incluyente, pues habr\u00e1 \u00abapertura total para que las personas con alg\u00fan tipo de discapacidad sean incorporados\u00bb, as\u00ed como \u00abcr\u00e9ditos a la palabra para que puedan emprender su propio negocio\u00bb y generar empleos para sus familias.<\/p>\n<p style=\"text-align: justify;\">Tambi\u00e9n ofreci\u00f3 que puedan participar en espacios de la administraci\u00f3n p\u00fablica y desde ah\u00ed en forma coordinada, <img loading=\"lazy\" decoding=\"async\" class=\"alignleft size-medium wp-image-1227302\" src=\"https:\/\/www.acapulco.press\/wp-content\/uploads\/2021\/05\/DECALOGO-INCLUSION-MMA4-375x250.jpeg\" alt=\"\" width=\"375\" height=\"250\" \/>poder generar pol\u00edticas p\u00fablicas que brinden oportunidades a este sector.<\/p>\n<p style=\"text-align: justify;\">Dentro de los 10 compromisos que firm\u00f3, destacan: Erradicar cualquier forma de discriminaci\u00f3n; garantizar el acceso a programas sociales, servicios de salud y beneficios b\u00e1sicos como transporte y \u00abtodas y todos tendr\u00e1n acceso a sus medicamentos de manera gratuita\u00bb.<\/p>\n<p style=\"text-align: justify;\">Promover\u00e1 una cultura de respeto, tolerancia e inclusi\u00f3n para las personas con discapacidad; presupuesto espec\u00edfico para deporte adaptado, apoyando a los artistas para eventos <img loading=\"lazy\" decoding=\"async\" class=\"alignleft size-medium wp-image-1227308\" src=\"https:\/\/www.acapulco.press\/wp-content\/uploads\/2021\/05\/DECALOGO-INCLUSION-MMA12-375x250.jpeg\" alt=\"\" width=\"375\" height=\"250\" \/>nacionales e internacionales; impulsar acciones de accesibilidad en la infraestructura de los espacios p\u00fablicos.<\/p>\n<p style=\"text-align: justify;\">Para generar oportunidades de estudio, ofreci\u00f3 gestionar el acceso en los espacios educativos de nivel media superior y superior as\u00ed como fortalecer los espacios educativos incluyentes y crear el programa para la inclusi\u00f3n y desarrollo de las personas con discapacidad.<\/p>\n<p style=\"text-align: justify;\">Establecer una agenda vinculante con las organizaciones de la sociedad civil y promover con los gobiernos municipales acciones transversales para la inclusi\u00f3n de las personas con discapacidad.<\/p>\n<p style=\"text-align: justify;\">Alejandro Gallardo L\u00f3pez, presidente del movimiento nacional por la inclusi\u00f3n y democracia de y para personas con discapacidad A. C. expres\u00f3 el voto de confianza que dar\u00e1n a Mario Moreno pues est\u00e1n ciertos que \u00abser\u00e1 un gobernador incluyente\u00bb y sabr\u00e1 generar las condiciones de desarrollo y oportunidades para este sector.<\/p>\n<p><img loading=\"lazy\" decoding=\"async\" class=\"alignnone wp-image-1227299 size-large\" src=\"https:\/\/www.acapulco.press\/wp-content\/uploads\/2021\/05\/DECALOGO-MMA-840x1260.jpeg\" alt=\"\" width=\"840\" height=\"1260\" \/><\/p>\n\n","protected":false},"excerpt":{"rendered":"<p>] ACAPULCO. &#8216; 13 de mayo de 2021. ) Especial. Con el firme compromiso de trabajar para apoyar a todos los sectores de la sociedad, el candidato de la alianza PRI-PRD Mario Moreno Arcos acudi\u00f3 como invitado de grupos organizados de personas con alguna discapacidad, con quienes firm\u00f3 un dec\u00e1logo por la inclusi\u00f3n. Moreno Arcos&#8230;<\/p>\n","protected":false},"author":2,"featured_media":1227300,"comment_status":"closed","ping_status":"closed","sticky":false,"template":"","format":"standard","meta":{"footnotes":""},"categories":[2053,1972],"tags":[2914,5938,7799,12685],"class_list":["post-1227298","post","type-post","status-publish","format-standard","has-post-thumbnail","hentry","category-elecciones-special","category-special","tag-vaxguerrero","tag-coalicion-pri-prd","tag-eleccion-guerrero-2021","tag-mario-moreno-arcos"],"_links":{"self":[{"href":"https:\/\/www.acapulcopress.com\/index.php\/wp-json\/wp\/v2\/posts\/1227298","targetHints":{"allow":["GET"]}}],"collection":[{"href":"https:\/\/www.acapulcopress.com\/index.php\/wp-json\/wp\/v2\/posts"}],"about":[{"href":"https:\/\/www.acapulcopress.com\/index.php\/wp-json\/wp\/v2\/types\/post"}],"author":[{"embeddable":true,"href":"https:\/\/www.acapulcopress.com\/index.php\/wp-json\/wp\/v2\/users\/2"}],"replies":[{"embeddable":true,"href":"https:\/\/www.acapulcopress.com\/index.php\/wp-json\/wp\/v2\/comments?post=1227298"}],"version-history":[{"count":0,"href":"https:\/\/www.acapulcopress.com\/index.php\/wp-json\/wp\/v2\/posts\/1227298\/revisions"}],"wp:featuredmedia":[{"embeddable":true,"href":"https:\/\/www.acapulcopress.com\/index.php\/wp-json\/"}],"wp:attachment":[{"href":"https:\/\/www.acapulcopress.com\/index.php\/wp-json\/wp\/v2\/media?parent=1227298"}],"wp:term":[{"taxonomy":"category","embeddable":true,"href":"https:\/\/www.acapulcopress.com\/index.php\/wp-json\/wp\/v2\/categories?post=1227298"},{"taxonomy":"post_tag","embeddable":true,"href":"https:\/\/www.acapulcopress.com\/index.php\/wp-json\/wp\/v2\/tags?post=1227298"}],"curies":[{"name":"wp","href":"https:\/\/api.w.org\/{rel}","templated":true}]}}