{"id":1227330,"date":"2021-05-13T23:45:09","date_gmt":"2021-05-14T04:45:09","guid":{"rendered":"https:\/\/www.acapulco.press\/?p=1227330"},"modified":"2021-05-13T23:45:09","modified_gmt":"2021-05-14T04:45:09","slug":"convoca-ricardo-astudillo-a-cerrar-filas-con-mario-moreno-y-ricardo-taja","status":"publish","type":"post","link":"https:\/\/www.acapulcopress.com\/index.php\/2021\/05\/13\/convoca-ricardo-astudillo-a-cerrar-filas-con-mario-moreno-y-ricardo-taja\/","title":{"rendered":"Convoca Ricardo Astudillo a cerrar filas con Mario Moreno y Ricardo Taja"},"content":{"rendered":"<p style=\"text-align: justify;\">] ACAPULCO. &#8216; 13 de mayo de 2021.<br \/>\n<em>) Especial.<\/em><\/p>\n<p style=\"text-align: justify;\">El candidato de la alianza PRI\/PRD a diputado local por el Distrito 7 de Acapulco, Ricardo Astudillo Calvo, llam\u00f3 a cerrar filas por los abanderados de la coalici\u00f3n \u201cVa por Guerrero\u201d al gobierno del estado, municipios, as\u00ed como a diputaciones federales y locales para \u201cno echar por la borda\u201d un esfuerzo que se ha logrado con gran trabajo durante los \u00faltimos seis a\u00f1os.<\/p>\n<p style=\"text-align: justify;\">Al acompa\u00f1ar a Mario Moreno Arcos, aspirante a la gubernatura de la entidad, al encuentro con la Confederaci\u00f3n de Trabajadores y Campesinos (CTC) por el 43 aniversario de su fundaci\u00f3n legal como central obrera, Ricardo Astudillo dijo que, a 24 d\u00edas de la elecci\u00f3n, mantienen la campa\u00f1a a ras de piso y siguen realizando visitas comunidad por <img loading=\"lazy\" decoding=\"async\" class=\"alignleft size-medium wp-image-1227332\" src=\"https:\/\/www.acapulco.press\/wp-content\/uploads\/2021\/05\/RAC2-375x244.jpg\" alt=\"\" width=\"375\" height=\"244\" \/>comunidad y colonia por colonia.<\/p>\n<p style=\"text-align: justify;\">En el encuentro donde estuvo presente el dirigente nacional de la CTC, Abel Neftal\u00ed Dom\u00ednguez Azuz y donde se encontraba el secretario general de la Federaci\u00f3n de Trabajadores del Nuevo Movimiento Sindical de Guerrero CTC, Eduardo Rom\u00e1n Guzm\u00e1n, y Jes\u00fas Torres Sotelo as\u00ed como otros liderazgos importantes y secretarios generales CTC, Ricardo Astudillo se\u00f1al\u00f3 que mantienen los recorridos en el territorio porque en este lugar es donde se conocen las distintas problem\u00e1ticas y se buscan soluciones.<\/p>\n<p style=\"text-align: justify;\">Ante el aspirante a presidente municipal de Acapulco, Ricardo Taja Ram\u00edrez, as\u00ed como el l\u00edder de la CTM, Rodolfo Escobar \u00c1vila, Astudillo Calvo, dijo que Guerrero no est\u00e1 para improvisaciones, por lo que para gobernar se requiere seriedad y conocimiento de las demandas apremiantes de la sociedad.<\/p>\n<p style=\"text-align: justify;\">El candidato a la diputaci\u00f3n local, dijo que la visita de Mario Moreno a su distrito, fue para ratificar compromisos con la finalidad de detonar el sector tur\u00edstico que tiene el distrito 7 donde se cuenta con una franja costera con mucho potencial econ\u00f3mico.<\/p>\n<p style=\"text-align: justify;\">Mencion\u00f3 que Mario Moreno trae un compromiso muy serio por la entidad y resalt\u00f3 que sabe dar\u00e1 buenos resultados en este y todos los distritos que conforman el estado.<\/p>\n<p style=\"text-align: justify;\">Pidi\u00f3 a los presentes que a 24 d\u00edas de definir los pr\u00f3ximos seis a\u00f1os de Guerrero, cerrar filas para votar por el mejor perfil que hay en esta elecci\u00f3n para gobernar el estado de Guerrero que es Mario Moreno Arcos, de quien afirm\u00f3 es \u201cel mejor, el m\u00e1s capaz, que cuenta con experiencia y ha dado resultados en los hechos\u201d.<\/p>\n<p style=\"text-align: justify;\">\u201cY hoy hay que darle esa confianza que requiere para poder llegar al gobierno del Estado con la fuerza suficiente para que pueda darle continuidad a lo que se ha logrado en Guerrero y que tanto trabajo ha costado, de trabajo diario, compromiso, que no vayamos a tirar por la borda\u201d, dijo.<\/p>\n<p style=\"text-align: justify;\">Ratific\u00f3 su compromiso de que al llegar al congreso despu\u00e9s de la elecci\u00f3n del 6 de junio, apoyar\u00e1n a Moreno Arcos para la gesti\u00f3n de los recursos necesarios para potencializar no solo esta franja costera del distrito siete de manera responsable, sino las zonas econ\u00f3micas de la entidad en beneficio de la poblaci\u00f3n.<\/p>\n<p style=\"text-align: justify;\">Insisti\u00f3 en que a 24 d\u00edas es momento de cerrar filas en torno a nuestros candidatos Mario Moreno y Ricardo Taja, \u201cque al igual que yo es un joven que lo que quiere en pol\u00edtica son resultados\u201d. \u201cNos identifica la pol\u00edtica que lleva a los hechos lo que se dice y se lleva en el coraz\u00f3n\u201d, concluy\u00f3.<\/p>\n","protected":false},"excerpt":{"rendered":"<p>] ACAPULCO. &#8216; 13 de mayo de 2021. ) Especial. El candidato de la alianza PRI\/PRD a diputado local por el Distrito 7 de Acapulco, Ricardo Astudillo Calvo, llam\u00f3 a cerrar filas por los abanderados de la coalici\u00f3n \u201cVa por Guerrero\u201d al gobierno del estado, municipios, as\u00ed como a diputaciones federales y locales para \u201cno&#8230;<\/p>\n","protected":false},"author":2,"featured_media":1227331,"comment_status":"closed","ping_status":"closed","sticky":false,"template":"","format":"standard","meta":{"footnotes":""},"categories":[2052,18561],"tags":[2914,5938,7799,12685,14895,15571,15606],"class_list":["post-1227330","post","type-post","status-publish","format-standard","has-post-thumbnail","hentry","category-elecciones","category-society-politics","tag-vaxguerrero","tag-coalicion-pri-prd","tag-eleccion-guerrero-2021","tag-mario-moreno-arcos","tag-presidencia-de-acapulco","tag-ricardo-astudillo-calvo","tag-ricardo-taja-ramirez"],"_links":{"self":[{"href":"https:\/\/www.acapulcopress.com\/index.php\/wp-json\/wp\/v2\/posts\/1227330","targetHints":{"allow":["GET"]}}],"collection":[{"href":"https:\/\/www.acapulcopress.com\/index.php\/wp-json\/wp\/v2\/posts"}],"about":[{"href":"https:\/\/www.acapulcopress.com\/index.php\/wp-json\/wp\/v2\/types\/post"}],"author":[{"embeddable":true,"href":"https:\/\/www.acapulcopress.com\/index.php\/wp-json\/wp\/v2\/users\/2"}],"replies":[{"embeddable":true,"href":"https:\/\/www.acapulcopress.com\/index.php\/wp-json\/wp\/v2\/comments?post=1227330"}],"version-history":[{"count":0,"href":"https:\/\/www.acapulcopress.com\/index.php\/wp-json\/wp\/v2\/posts\/1227330\/revisions"}],"wp:featuredmedia":[{"embeddable":true,"href":"https:\/\/www.acapulcopress.com\/index.php\/wp-json\/"}],"wp:attachment":[{"href":"https:\/\/www.acapulcopress.com\/index.php\/wp-json\/wp\/v2\/media?parent=1227330"}],"wp:term":[{"taxonomy":"category","embeddable":true,"href":"https:\/\/www.acapulcopress.com\/index.php\/wp-json\/wp\/v2\/categories?post=1227330"},{"taxonomy":"post_tag","embeddable":true,"href":"https:\/\/www.acapulcopress.com\/index.php\/wp-json\/wp\/v2\/tags?post=1227330"}],"curies":[{"name":"wp","href":"https:\/\/api.w.org\/{rel}","templated":true}]}}