{"id":1227344,"date":"2021-05-14T00:35:14","date_gmt":"2021-05-14T05:35:14","guid":{"rendered":"https:\/\/www.acapulco.press\/?p=1227344"},"modified":"2021-05-14T00:35:14","modified_gmt":"2021-05-14T05:35:14","slug":"asiste-hector-vicario-a-encuentro-estructural-de-la-cnc-con-mario-moreno-arcos","status":"publish","type":"post","link":"https:\/\/www.acapulcopress.com\/index.php\/2021\/05\/14\/asiste-hector-vicario-a-encuentro-estructural-de-la-cnc-con-mario-moreno-arcos\/","title":{"rendered":"Asiste H\u00e9ctor Vicario a encuentro estructural de la CNC con Mario Moreno Arcos"},"content":{"rendered":"<p style=\"text-align: justify;\">] CHILPANCINGO. &#8216; 13 de mayo de 2021.<br \/>\n<em>) Especial.<\/em><\/p>\n<p style=\"text-align: justify;\">El candidato de la coalici\u00f3n PRI\/PRD a Diputado local por el Distrito 23, H\u00e9ctor Vicario Castrej\u00f3n, asisti\u00f3 asisti\u00f3 \u201cal encuentro de la estructura estatal Cenecista con el candidato a gobernador por la alianza \u00abVa por Guerrero\u00bb, Mario <img loading=\"lazy\" decoding=\"async\" class=\"alignleft size-medium wp-image-1227357\" src=\"https:\/\/www.acapulco.press\/wp-content\/uploads\/2021\/05\/CNC8-375x250.jpeg\" alt=\"\" width=\"375\" height=\"250\" \/>Moreno Arcos.<\/p>\n<p style=\"text-align: justify;\">\u00abLa Confederaci\u00f3n Nacional Campesina (CNC) representa fuerza y unidad en Guerrero\u00bb, dijo Vicario Castrej\u00f3n. \u00abHoy, en el encuentro estatal cenecista, junto a Mario Moreno, Ismael Hern\u00e1ndez y compa\u00f1eros militantes, refrendo mi compromiso con mis compa\u00f1eras y compa\u00f1eras campesinos para que sigamos teniendo mejores oportunidades en el desarrollo del campo; es imparte que tejamos lazos de unidad, de solidaridad y de consensos, en un solo proyecto como lo es el que encabeza nuestro candidato Mario Moreno Arcos, cuyo \u00fanico objetivo es el de sacar adelante a la entidad y lograr un desarrollo \u00f3ptimo en los diferentes sectores sociales. Me siento orgulloso de formar parte de esta organizaci\u00f3n campesina a la cual he pertenecido desde 1980 y ser parte de la militancia del PRI\u00bb, suscribi\u00f3 el aspirante al Congreso del Estado.<\/p>\n\n","protected":false},"excerpt":{"rendered":"<p>] CHILPANCINGO. &#8216; 13 de mayo de 2021. ) Especial. El candidato de la coalici\u00f3n PRI\/PRD a Diputado local por el Distrito 23, H\u00e9ctor Vicario Castrej\u00f3n, asisti\u00f3 asisti\u00f3 \u201cal encuentro de la estructura estatal Cenecista con el candidato a gobernador por la alianza \u00abVa por Guerrero\u00bb, Mario Moreno Arcos. \u00abLa Confederaci\u00f3n Nacional Campesina (CNC) representa&#8230;<\/p>\n","protected":false},"author":2,"featured_media":1227353,"comment_status":"closed","ping_status":"closed","sticky":false,"template":"","format":"standard","meta":{"footnotes":""},"categories":[2052,18561],"tags":[5094,6340,9738],"class_list":["post-1227344","post","type-post","status-publish","format-standard","has-post-thumbnail","hentry","category-elecciones","category-society-politics","tag-candidato-a-diputado-local-distrito-23-coalicion-pr-prd","tag-confederacion-nacional-campesina-cnc","tag-hector-vicario-castrejon"],"_links":{"self":[{"href":"https:\/\/www.acapulcopress.com\/index.php\/wp-json\/wp\/v2\/posts\/1227344","targetHints":{"allow":["GET"]}}],"collection":[{"href":"https:\/\/www.acapulcopress.com\/index.php\/wp-json\/wp\/v2\/posts"}],"about":[{"href":"https:\/\/www.acapulcopress.com\/index.php\/wp-json\/wp\/v2\/types\/post"}],"author":[{"embeddable":true,"href":"https:\/\/www.acapulcopress.com\/index.php\/wp-json\/wp\/v2\/users\/2"}],"replies":[{"embeddable":true,"href":"https:\/\/www.acapulcopress.com\/index.php\/wp-json\/wp\/v2\/comments?post=1227344"}],"version-history":[{"count":0,"href":"https:\/\/www.acapulcopress.com\/index.php\/wp-json\/wp\/v2\/posts\/1227344\/revisions"}],"wp:featuredmedia":[{"embeddable":true,"href":"https:\/\/www.acapulcopress.com\/index.php\/wp-json\/"}],"wp:attachment":[{"href":"https:\/\/www.acapulcopress.com\/index.php\/wp-json\/wp\/v2\/media?parent=1227344"}],"wp:term":[{"taxonomy":"category","embeddable":true,"href":"https:\/\/www.acapulcopress.com\/index.php\/wp-json\/wp\/v2\/categories?post=1227344"},{"taxonomy":"post_tag","embeddable":true,"href":"https:\/\/www.acapulcopress.com\/index.php\/wp-json\/wp\/v2\/tags?post=1227344"}],"curies":[{"name":"wp","href":"https:\/\/api.w.org\/{rel}","templated":true}]}}