{"id":1227369,"date":"2021-05-14T00:57:51","date_gmt":"2021-05-14T05:57:51","guid":{"rendered":"https:\/\/www.acapulco.press\/?p=1227369"},"modified":"2021-05-14T00:57:51","modified_gmt":"2021-05-14T05:57:51","slug":"regreso-a-clases-estrategia-prioritaria-de-vacunacion-anticovid-gobernador","status":"publish","type":"post","link":"https:\/\/www.acapulcopress.com\/index.php\/2021\/05\/14\/regreso-a-clases-estrategia-prioritaria-de-vacunacion-anticovid-gobernador\/","title":{"rendered":"Regreso a clases, estrategia prioritaria de vacunaci\u00f3n antiCovid | Gobernador"},"content":{"rendered":"<p style=\"text-align: justify;\">* Este viernes concluir\u00e1 la aplicaci\u00f3n de segunda dosis para adultos mayores de 60 a\u00f1os en Acapulco, cuyos apellidos paternos inicien con las letras R, S, T, U, V, W, X, Y, Z, a partir de las 10 de la ma\u00f1ana en cuatro macropuntos ubicados en el<em> Centro de Convenciones<\/em>, la <em>Unidad Deportiva Acapulco,<\/em> la<em> Unidad Deportiva Jorge Campos<\/em> y el <em>Instituto Tecnol\u00f3gico de Acapulco<\/em>.<\/p>\n<p>] CHILPANCINGO. &#8216; 13 de mayo de 2021.<br \/>\n<em>) Gobierno de Guerrero.<\/em><\/p>\n<p style=\"text-align: justify;\">\u00a0\u00abLa vacuna es importante, pero tambi\u00e9n seguirse cuidando, usando cubrebocas, gel antibacterial y la sana distancia\u00bb, expres\u00f3 el gobernador H\u00e9ctor Astudillo Flores.<\/p>\n<p><img loading=\"lazy\" decoding=\"async\" class=\"alignleft size-medium wp-image-1227372\" src=\"https:\/\/www.acapulco.press\/wp-content\/uploads\/2021\/05\/ASTUDILLO3-375x250.jpg\" alt=\"\" width=\"375\" height=\"250\" \/>En la transmisi\u00f3n n\u00famero 379, el titular de Ejecutivo guerrerense dijo que los datos muestran que est\u00e1 bajando el n\u00famero de fallecimientos, de hospitalaciones y de contagios, por lo que la pr\u00f3xima semana podr\u00eda haber avances en el sem\u00e1foro epidemiol\u00f3gico.<\/p>\n<p>Sin embargo, aunque esto se debe en buena parte a la vacunaci\u00f3n, aclar\u00f3 que se deben seguir las medidas sanitarias y llam\u00f3 a vacunarse a quienes les corresponda.<\/p>\n<p style=\"text-align: justify;\">\u00abLa vacuna es importante, pero tambi\u00e9n seguirse cuidando con el uso de cubrebocas, la sana distancia para el <img loading=\"lazy\" decoding=\"async\" class=\"alignleft size-medium wp-image-1227371\" src=\"https:\/\/www.acapulco.press\/wp-content\/uploads\/2021\/05\/ASTUDILLO2-375x250.jpg\" alt=\"\" width=\"375\" height=\"250\" \/>gobernador, para la federaci\u00f3n, la prioridad es tambi\u00e9n el regreso a clases\u00bb, a\u00f1adi\u00f3.<\/p>\n<p>Astudillo Flores se\u00f1al\u00f3 que en la jornada de vacunaci\u00f3n para el sector educativo la coordinaci\u00f3n ha sido muy importante para alcanzar las metas para inmunizar a m\u00e1s de 100 mil personas.<\/p>\n<p>Agradeci\u00f3 a los institutos y universidades tecnol\u00f3gicas por haber prestado sus instalaciones como macropuntos y aportar voluntarios para desarrollar la Jornada de Vacunaci\u00f3n.<\/p>\n<p>Tambi\u00e9n agradeci\u00f3 a la Sedena, Marina, la Secretar\u00eda de Salud, al IMSS, al ISSSTE, a la Universidad Aut\u00f3noma de Guerrero, al Conalep por su gran colaboraci\u00f3n en esta estrategia.<\/p>\n<p>En su intervenci\u00f3n, el responsable del Proceso de Vacunaci\u00f3n para el sector educativo, Ram\u00f3n C\u00e1rdenas Villareal destac\u00f3 la disciplina, la asistencia ordenada por parte de los maestros que han acudido a vacunarse.<\/p>\n<p>A su vez, el delegado Federal de los programas Sociales, Iv\u00e1n Hern\u00e1ndez D\u00edaz indic\u00f3 que se ha avanzado en la etapa de vacunaci\u00f3n a adultos de 50 a 59 a\u00f1os en la Costa Grande, Norte y Centro.<\/p>\n<p>Anunci\u00f3 que este viernes concluir\u00e1 la aplicaci\u00f3n de segunda dosis para adultos mayores de 60 a\u00f1os en Acapulco, atendiendo a la poblaci\u00f3n cuyo apellido paterno inicie con las letras R, S, T, U, V, W, X, Y, Z a partir de las 10 de la ma\u00f1ana en cuatro macropuntos ubicados en el Centro de Convenciones, la Unidad Deportiva Acapulco, la Unidad Deportiva Jorge Campos y el Instituto Tecnol\u00f3gico de Acapulco.<\/p>\n<p>Aclar\u00f3 que la convocatoria para mujeres menores de 50 a\u00f1os est\u00e1 abierta solo para embarazadas, por lo que a las dem\u00e1s pidi\u00f3 que esperen el turno en que les corresponder\u00e1 la vacuna.<\/p>\n<p>Al presentar el informe t\u00e9cnico, el secretario de Salud Carlos de la Pe\u00f1a Pintos apunt\u00f3 que Guerrero acumula 40 mil 445 casos positivos, 4 mil 383 defunciones, adem\u00e1s de 74 casos nuevos en las \u00faltimas 24 horas y 540 casos activos.<br \/>\nLa ocupaci\u00f3n hospitalaria es del 17 por ciento con 120 pacientes hospitalizados, de estos, 17 permanecen estables, 76 graves y 27 intubados, lo que representa una baja considerable en comparaci\u00f3n con meses anteriores, mismo caso para los fallecimientos, pues en lo que va de mayo se registran 5.9 defunciones por d\u00eda.<\/p>\n<p>En su intervenci\u00f3n, el secretario de Educaci\u00f3n, Heriberto Huicochea V\u00e1zquez inform\u00f3 que hasta el corte de las 11 de la ma\u00f1ana de este jueves se hab\u00eda vacunado a m\u00e1s del 51 por ciento del total de maestros, lo que representa m\u00e1s de 50 mil docentes inmunizados.<\/p>\n<p>Indic\u00f3 que este jueves concluy\u00f3 la jornada de Vacunaci\u00f3n en la Costa Grande y el viernes en las seis regiones restantes.<\/p>\n<p style=\"text-align: justify;\">\n","protected":false},"excerpt":{"rendered":"<p>* Este viernes concluir\u00e1 la aplicaci\u00f3n de segunda dosis para adultos mayores de 60 a\u00f1os en Acapulco, cuyos apellidos paternos inicien con las letras R, S, T, U, V, W, X, Y, Z, a partir de las 10 de la ma\u00f1ana en cuatro macropuntos ubicados en el Centro de Convenciones, la Unidad Deportiva Acapulco, la&#8230;<\/p>\n","protected":false},"author":2,"featured_media":1227370,"comment_status":"closed","ping_status":"closed","sticky":false,"template":"","format":"standard","meta":{"footnotes":""},"categories":[18573,1983],"tags":[6705,9302,9705,16421],"class_list":["post-1227369","post","type-post","status-publish","format-standard","has-post-thumbnail","hentry","category-goverment","category-guerrerogob","tag-covid19","tag-gobierno-de-guerrero","tag-hector-astudillo-flores","tag-semaforo-de-riesgo-covid19"],"_links":{"self":[{"href":"https:\/\/www.acapulcopress.com\/index.php\/wp-json\/wp\/v2\/posts\/1227369","targetHints":{"allow":["GET"]}}],"collection":[{"href":"https:\/\/www.acapulcopress.com\/index.php\/wp-json\/wp\/v2\/posts"}],"about":[{"href":"https:\/\/www.acapulcopress.com\/index.php\/wp-json\/wp\/v2\/types\/post"}],"author":[{"embeddable":true,"href":"https:\/\/www.acapulcopress.com\/index.php\/wp-json\/wp\/v2\/users\/2"}],"replies":[{"embeddable":true,"href":"https:\/\/www.acapulcopress.com\/index.php\/wp-json\/wp\/v2\/comments?post=1227369"}],"version-history":[{"count":0,"href":"https:\/\/www.acapulcopress.com\/index.php\/wp-json\/wp\/v2\/posts\/1227369\/revisions"}],"wp:featuredmedia":[{"embeddable":true,"href":"https:\/\/www.acapulcopress.com\/index.php\/wp-json\/"}],"wp:attachment":[{"href":"https:\/\/www.acapulcopress.com\/index.php\/wp-json\/wp\/v2\/media?parent=1227369"}],"wp:term":[{"taxonomy":"category","embeddable":true,"href":"https:\/\/www.acapulcopress.com\/index.php\/wp-json\/wp\/v2\/categories?post=1227369"},{"taxonomy":"post_tag","embeddable":true,"href":"https:\/\/www.acapulcopress.com\/index.php\/wp-json\/wp\/v2\/tags?post=1227369"}],"curies":[{"name":"wp","href":"https:\/\/api.w.org\/{rel}","templated":true}]}}