{"id":1227379,"date":"2021-05-14T01:11:13","date_gmt":"2021-05-14T06:11:13","guid":{"rendered":"https:\/\/www.acapulco.press\/?p=1227379"},"modified":"2021-05-14T01:11:13","modified_gmt":"2021-05-14T06:11:13","slug":"mc-culpa-a-amlo-de-muerte-de-abel-murrieta","status":"publish","type":"post","link":"https:\/\/www.acapulcopress.com\/index.php\/2021\/05\/14\/mc-culpa-a-amlo-de-muerte-de-abel-murrieta\/","title":{"rendered":"MC culpa a AMLO de muerte de Murrieta"},"content":{"rendered":"<p style=\"text-align: justify;\">] CAJEME, Sonora. &#8216; 13 de mayo de 2021.<br \/>\n<em>) <a href=\"https:\/\/www.forbes.com.mx\/asesinato-de-candidato-en-cajeme-fue-por-desafiar-al-narco-clemente-castaneda\/\" target=\"_blank\" rel=\"noopener\">Forbes<\/a>.<\/em><\/p>\n<p style=\"text-align: justify;\">Clemente Casta\u00f1eda Hoeflich, presidente de Movimiento Ciudadano, afirm\u00f3 que el asesinato del Abel Murrieta Guti\u00e9rrez, candidato por ese partido pol\u00edtico a presidente municipal de Cajeme, fue por desafiar y enfrentar al crimen organizado y el narcotr\u00e1fico en Sonora.<\/p>\n<p style=\"text-align: justify;\">\u201cAbel pag\u00f3 por haber dicho una y otra vez en su campa\u00f1a que ten\u00eda el valor de enfrentar al narco y que iba a poner orden en cuanto llegara a la alcald\u00eda\u201d, declar\u00f3 el pol\u00edtico.<\/p>\n<p style=\"text-align: justify;\">\u201cEl asesinato de Abel puede considerarse como un atentado a la democracia de Sonora\u201d, declar\u00f3 Casta\u00f1eda, quien estuvo acompa\u00f1ado por Dante Delgado Ranauro, senador de Movimiento Ciudadano.<\/p>\n<p style=\"text-align: justify;\">Los dirigentes de Movimiento Ciudadano responsabilizan de la muerte de Abel Murrieta Guti\u00e9rrez al presidente de la Rep\u00fablica, Andr\u00e9s Manuel L\u00f3pez Obrador, as\u00ed como a la gobernadora de Sonora, Claudia Pavlovich Arellano y al alcalde de Cajeme, Sergio Pablo Mariscal Alvarado.<\/p>\n<p style=\"text-align: justify;\">\u201cExigimos justicia inmediata, exigimos que den con los responsables y se deslinden responsabilidades. Hoy es un d\u00eda tr\u00e1gico para Sonora, es un d\u00eda tr\u00e1gico para Movimiento Ciudadano y estamos de luto\u201d, manifest\u00f3 Clemente Casta\u00f1eda Hoeflich.<\/p>\n<p style=\"text-align: justify;\">\u201cQueda de manifiesto tambi\u00e9n que el crimen organizado gobierna Sonora\u201d, expres\u00f3 el presidente de Movimiento Ciudadano.<\/p>\n<p style=\"text-align: justify;\">Abel Murrieta, exfiscal General de Justicia del Estado Sonora y candidato a la presidencia municipal de Cajeme, fue asesinado en un ataque armado, cuando entregaba volantes y promov\u00eda el voto en las calles del municipio ubicado al sur de la entidad.<\/p>\n<p style=\"text-align: justify;\">\u201cExpreso mi m\u00e1s en\u00e9rgica condena al atentado que cobr\u00f3 la vida al candidato Abel Murrieta, inform\u00f3 que mantenemos trabajo de colaboraci\u00f3n con la Fiscal\u00eda General de Justicia del Estado para que se d\u00e9 con los responsables\u201d dijo Claudia Pavlovich Arellano, gobernadora de Sonora.<\/p>\n<p style=\"text-align: justify;\">\u201cMi m\u00e1s sentido p\u00e9same a la familia de Abel, en quien reconozco a un sonorense con profundo amor por Sonora, que trabaj\u00f3 y sirvi\u00f3 siempre a su tierra\u201d, agreg\u00f3.<\/p>\n<p style=\"text-align: justify;\">Abel Murrieta era licenciado en Derecho de profesi\u00f3n y fue subprocurador de Averiguaciones Previas de la Procuradur\u00eda General de Justicia del Estado de Sonora del 2003 al 2004 y como procurador del 2004 al 2012, marcando su periodo el incendio en la Guarder\u00eda ABC<\/p>\n<p style=\"text-align: justify;\">De 2012 al 2015 fungi\u00f3 como diputado local Distrito XVI y sigui\u00f3 el siguiente trienio como diputado federal.<\/p>\n<p style=\"text-align: justify;\">Durante el \u00faltimo a\u00f1o fungi\u00f3 como abogado de la familia LeBar\u00f3n, v\u00edctima de un ataque armado en Bavispe, Sonora, donde perdieron la vida nueve personas; tres mujeres adultas y seis ni\u00f1os.<\/p>\n<p style=\"text-align: justify;\">El presidente de Movimiento Ciudadano expres\u00f3 que las autoridades de seguridad, estatales y federales est\u00e1n rebasadas, por lo cual los ciudadanos viven con miedo en Sonora, en Ciudad Obreg\u00f3n, en Cajeme.<\/p>\n<p style=\"text-align: justify;\">\u201cHoy pasaron del coraje a las balas, y hoy con balas nos quieren condenar a la desesperanza\u201d con el asesinato del candidato por la alcald\u00eda de Cajeme, agreg\u00f3 Clemente Casta\u00f1eda.<\/p>\n","protected":false},"excerpt":{"rendered":"<p>] CAJEME, Sonora. &#8216; 13 de mayo de 2021. ) Forbes. Clemente Casta\u00f1eda Hoeflich, presidente de Movimiento Ciudadano, afirm\u00f3 que el asesinato del Abel Murrieta Guti\u00e9rrez, candidato por ese partido pol\u00edtico a presidente municipal de Cajeme, fue por desafiar y enfrentar al crimen organizado y el narcotr\u00e1fico en Sonora. \u201cAbel pag\u00f3 por haber dicho una&#8230;<\/p>\n","protected":false},"author":2,"featured_media":1227380,"comment_status":"closed","ping_status":"closed","sticky":false,"template":"","format":"standard","meta":{"footnotes":""},"categories":[2053,1972,1997],"tags":[3069,5877,13334],"class_list":["post-1227379","post","type-post","status-publish","format-standard","has-post-thumbnail","hentry","category-elecciones-special","category-special","category-noticias-destacadas","tag-abel-murrieta-gutierrez","tag-clemente-castaneda-hoeflich","tag-movimiento-ciudadano-mc"],"_links":{"self":[{"href":"https:\/\/www.acapulcopress.com\/index.php\/wp-json\/wp\/v2\/posts\/1227379","targetHints":{"allow":["GET"]}}],"collection":[{"href":"https:\/\/www.acapulcopress.com\/index.php\/wp-json\/wp\/v2\/posts"}],"about":[{"href":"https:\/\/www.acapulcopress.com\/index.php\/wp-json\/wp\/v2\/types\/post"}],"author":[{"embeddable":true,"href":"https:\/\/www.acapulcopress.com\/index.php\/wp-json\/wp\/v2\/users\/2"}],"replies":[{"embeddable":true,"href":"https:\/\/www.acapulcopress.com\/index.php\/wp-json\/wp\/v2\/comments?post=1227379"}],"version-history":[{"count":0,"href":"https:\/\/www.acapulcopress.com\/index.php\/wp-json\/wp\/v2\/posts\/1227379\/revisions"}],"wp:featuredmedia":[{"embeddable":true,"href":"https:\/\/www.acapulcopress.com\/index.php\/wp-json\/"}],"wp:attachment":[{"href":"https:\/\/www.acapulcopress.com\/index.php\/wp-json\/wp\/v2\/media?parent=1227379"}],"wp:term":[{"taxonomy":"category","embeddable":true,"href":"https:\/\/www.acapulcopress.com\/index.php\/wp-json\/wp\/v2\/categories?post=1227379"},{"taxonomy":"post_tag","embeddable":true,"href":"https:\/\/www.acapulcopress.com\/index.php\/wp-json\/wp\/v2\/tags?post=1227379"}],"curies":[{"name":"wp","href":"https:\/\/api.w.org\/{rel}","templated":true}]}}