{"id":1227388,"date":"2021-05-14T14:04:23","date_gmt":"2021-05-14T19:04:23","guid":{"rendered":"https:\/\/www.acapulco.press\/?p=1227388"},"modified":"2021-05-14T14:04:23","modified_gmt":"2021-05-14T19:04:23","slug":"le-toman-el-ayuntamiento-a-adela-roman-por-falta-de-agua-potable-en-acapulco","status":"publish","type":"post","link":"https:\/\/www.acapulcopress.com\/index.php\/2021\/05\/14\/le-toman-el-ayuntamiento-a-adela-roman-por-falta-de-agua-potable-en-acapulco\/","title":{"rendered":"Le toman el Ayuntamiento a Adela Rom\u00e1n por falta de agua potable en Acapulco"},"content":{"rendered":"<p>\u00bb<strong> Rafael Mendoza<\/strong><br \/>\n] CHILPANCINGO. &#8216; 14 de mayo de 2021.<br \/>\n<em>) <a href=\"https:\/\/guerrero.quadratin.com.mx\/toman-colonos-el-ayuntamiento-de-acapulco-para-exigir-agua-potable\/\" target=\"_blank\" rel=\"noopener\">Agencia Quadratin<\/a>.<\/em><\/p>\n<p style=\"text-align: justify;\">Vecinos de distintas colonias de la periferia de ciudad mantienen tomado el Ayuntamiento para exigir agua potable y soluci\u00f3n a drenajes colapsados. Unas 50 personas llegaron aproximadamente a las 10 de la ma\u00f1ana para impedir la salida y entrada de personas y trabajadores de distintas dependencias.<\/p>\n<p style=\"text-align: justify;\">Los inconformes reclaman que el secretario del Ayuntamiento, Ernesto Manzano Rodr\u00edguez les prometi\u00f3 una mesa de di\u00e1logo este viernes con la presidenta municipal, Adela Rom\u00e1n Ocampo, sin embargo no los dejaron entrar.<\/p>\n<p style=\"text-align: justify;\">Por este motivo, amagan con intensificar su movimiento en caso de no ser atendidos, mediante la toma de las instalaciones de manera permanente o incluso bloquear la avenida Cuauht\u00e9moc. Los afectados son de las colonias Emiliano Zapata, Renacimiento, Vacacional, Sina\u00ed, Sector 6, unidad habitacional San Agust\u00edn y de los poblados La Venta y Los \u00d3rganos.<\/p>\n<p><img loading=\"lazy\" decoding=\"async\" class=\"alignnone wp-image-1227390 \" src=\"https:\/\/www.acapulco.press\/wp-content\/uploads\/2021\/05\/AYUNTAPULCO2.jpg\" alt=\"\" width=\"820\" height=\"468\" \/><\/p>\n","protected":false},"excerpt":{"rendered":"<p>\u00bb Rafael Mendoza ] CHILPANCINGO. &#8216; 14 de mayo de 2021. ) Agencia Quadratin. Vecinos de distintas colonias de la periferia de ciudad mantienen tomado el Ayuntamiento para exigir agua potable y soluci\u00f3n a drenajes colapsados. Unas 50 personas llegaron aproximadamente a las 10 de la ma\u00f1ana para impedir la salida y entrada de personas&#8230;<\/p>\n","protected":false},"author":2,"featured_media":1227389,"comment_status":"closed","ping_status":"closed","sticky":false,"template":"","format":"standard","meta":{"footnotes":""},"categories":[18578,1972],"tags":[3257,4485,9132],"class_list":["post-1227388","post","type-post","status-publish","format-standard","has-post-thumbnail","hentry","category-activismo","category-special","tag-adela-roman-ocampo","tag-ayuntamiento-de-acapulco","tag-genaro-vazquez-flores"],"_links":{"self":[{"href":"https:\/\/www.acapulcopress.com\/index.php\/wp-json\/wp\/v2\/posts\/1227388","targetHints":{"allow":["GET"]}}],"collection":[{"href":"https:\/\/www.acapulcopress.com\/index.php\/wp-json\/wp\/v2\/posts"}],"about":[{"href":"https:\/\/www.acapulcopress.com\/index.php\/wp-json\/wp\/v2\/types\/post"}],"author":[{"embeddable":true,"href":"https:\/\/www.acapulcopress.com\/index.php\/wp-json\/wp\/v2\/users\/2"}],"replies":[{"embeddable":true,"href":"https:\/\/www.acapulcopress.com\/index.php\/wp-json\/wp\/v2\/comments?post=1227388"}],"version-history":[{"count":0,"href":"https:\/\/www.acapulcopress.com\/index.php\/wp-json\/wp\/v2\/posts\/1227388\/revisions"}],"wp:featuredmedia":[{"embeddable":true,"href":"https:\/\/www.acapulcopress.com\/index.php\/wp-json\/"}],"wp:attachment":[{"href":"https:\/\/www.acapulcopress.com\/index.php\/wp-json\/wp\/v2\/media?parent=1227388"}],"wp:term":[{"taxonomy":"category","embeddable":true,"href":"https:\/\/www.acapulcopress.com\/index.php\/wp-json\/wp\/v2\/categories?post=1227388"},{"taxonomy":"post_tag","embeddable":true,"href":"https:\/\/www.acapulcopress.com\/index.php\/wp-json\/wp\/v2\/tags?post=1227388"}],"curies":[{"name":"wp","href":"https:\/\/api.w.org\/{rel}","templated":true}]}}