{"id":1227397,"date":"2021-05-14T15:25:56","date_gmt":"2021-05-14T20:25:56","guid":{"rendered":"https:\/\/www.acapulco.press\/?p=1227397"},"modified":"2021-05-14T15:25:56","modified_gmt":"2021-05-14T20:25:56","slug":"normalistas-queman-propaganda-de-evelyn-y-exigen-a-morena-dejar-de-usarlos-como-bandera-electoral","status":"publish","type":"post","link":"https:\/\/www.acapulcopress.com\/index.php\/2021\/05\/14\/normalistas-queman-propaganda-de-evelyn-y-exigen-a-morena-dejar-de-usarlos-como-bandera-electoral\/","title":{"rendered":"Normalistas queman propaganda de Evelyn y exigen a Morena dejar de usarlos como bandera electoral"},"content":{"rendered":"<p style=\"text-align: justify;\"><strong><img loading=\"lazy\" decoding=\"async\" class=\"alignnone wp-image-1227400 size-large\" src=\"https:\/\/www.acapulco.press\/wp-content\/uploads\/2021\/05\/PRENSA-AYOTIZ24-840x473.jpg\" alt=\"\" width=\"840\" height=\"473\" \/><br \/>\n<\/strong><\/p>\n<p style=\"text-align: justify;\"><strong>\u00bb \u00c1ngel Blanco.<\/strong><br \/>\n] CHILPANCINGO. &#8216; 14 de mayo de 2021.<br \/>\n<em>) Acapulco.press.<\/em><\/p>\n<p style=\"text-align: justify;\"><img loading=\"lazy\" decoding=\"async\" class=\"alignleft size-medium wp-image-1227407\" src=\"https:\/\/www.acapulco.press\/wp-content\/uploads\/2021\/05\/COMUNICADO-AYOTZI-375x814.png\" alt=\"\" width=\"375\" height=\"814\" \/>Enardecido grupo de normalistas de Ayotzinapa tomaron este d\u00eda la\u00a0 oficina estatal de Morena y quemaron la propaganda de Evelyn Salgado Pineda, candidata morenista a la gubernatura de Guerrero, y exigieron dejar de utilizar la lucha de Ayotzinapa como bandera electoral.<\/p>\n<p style=\"text-align: justify;\">Mediante un comunicado difundido en redes sociales, el equipo de prensa de los normalistas inform\u00f3 que \u00abhoy, 14 de mayo del 2021, la Escuela Normal Rural \u00abRa\u00fal Isidro Burgos\u00bb de Ayotzinapa, Guerrero, se present\u00f3 en las oficinas del PRD y MORENA para mencionar y recalcar a todos aquellos candidatos que buscan postular su candidatura a trav\u00e9s de nuestra lucha social que llevamos como Ayotzinapa\u00a0 (&#8230;) QUE NO ESTAMOS Y NO ESTAREMOS EN APOYO A NING\u00daN PARTIDO DE IZQUIERDA NI DERECHA\u00bb y \u00bb QUE AQUELLOS QUE BUSCAN GANAR SU CANDIDATURA LO HAGAN MEDIANTE SUS PROPIOS MEDIOS Y NO VALI\u00c9NDOSE DE NUESTRA INSTITUCI\u00d3N EDUCATIVA Y\/O LUCHA SOCIAL\u00bb.<\/p>\n<p style=\"text-align: justify;\">Bajo la consigna <em>\u00ab\u00a1Ayotzi no se vende, Ayotzi no se da, porque tiene estudiantes con mucha dignidad!\u00bb,<\/em> procedieron a incendiar las oficinas centrales del PRD en la capital del Estado.<\/p>\n<p style=\"text-align: justify;\">Afuera de la sede del Comit\u00e9 Ejecutivo Estatal de Morena, que sirve como base de la candidata de Morena al gobierno del Estado. Evelyn Cecia Salgado Pineda, los normalistas quemaron la propaganda de la hija de F\u00e9lix Salgado Macedonio, en se\u00f1al de repudio por utilizar la lucha normalista para fines pol\u00edticos de promoci\u00f3n electoral.<\/p>\n<p style=\"text-align: justify;\"><img loading=\"lazy\" decoding=\"async\" class=\"alignnone wp-image-1227399 size-large\" src=\"https:\/\/www.acapulco.press\/wp-content\/uploads\/2021\/05\/PRENSA-AYOTIZ20-840x473.jpg\" alt=\"\" width=\"840\" height=\"473\" \/><br \/>\n<img loading=\"lazy\" decoding=\"async\" class=\"alignnone wp-image-1227406 size-large\" src=\"https:\/\/www.acapulco.press\/wp-content\/uploads\/2021\/05\/PRENSA-AYOTIZI5-840x1120.jpg\" alt=\"\" width=\"840\" height=\"1120\" \/><br \/>\n<img loading=\"lazy\" decoding=\"async\" class=\"alignnone wp-image-1227402 \" src=\"https:\/\/www.acapulco.press\/wp-content\/uploads\/2021\/05\/PRENSA-AYOTIZI.jpg\" alt=\"\" width=\"823\" height=\"1005\" \/><br \/>\n<img loading=\"lazy\" decoding=\"async\" class=\"alignnone wp-image-1227408 size-large\" src=\"https:\/\/www.acapulco.press\/wp-content\/uploads\/2021\/05\/PRENSA-AYOTIZI7-840x630.jpg\" alt=\"\" width=\"840\" height=\"630\" \/><br \/>\nwww.<strong>acapulco.press<\/strong><\/p>\n","protected":false},"excerpt":{"rendered":"<p>\u00bb \u00c1ngel Blanco. ] CHILPANCINGO. &#8216; 14 de mayo de 2021. ) Acapulco.press. Enardecido grupo de normalistas de Ayotzinapa tomaron este d\u00eda la\u00a0 oficina estatal de Morena y quemaron la propaganda de Evelyn Salgado Pineda, candidata morenista a la gubernatura de Guerrero, y exigieron dejar de utilizar la lucha de Ayotzinapa como bandera electoral. Mediante&#8230;<\/p>\n","protected":false},"author":2,"featured_media":1227401,"comment_status":"closed","ping_status":"closed","sticky":false,"template":"","format":"standard","meta":{"footnotes":""},"categories":[2053,1972],"tags":[8094,8251,8467,13297],"class_list":["post-1227397","post","type-post","status-publish","format-standard","has-post-thumbnail","hentry","category-elecciones-special","category-special","tag-escuela-normal-rural-raul-isidro-burgos-de-ayotzinapa","tag-evelyn-salgado-pineda","tag-felix-salgado-macedonio","tag-morena"],"_links":{"self":[{"href":"https:\/\/www.acapulcopress.com\/index.php\/wp-json\/wp\/v2\/posts\/1227397","targetHints":{"allow":["GET"]}}],"collection":[{"href":"https:\/\/www.acapulcopress.com\/index.php\/wp-json\/wp\/v2\/posts"}],"about":[{"href":"https:\/\/www.acapulcopress.com\/index.php\/wp-json\/wp\/v2\/types\/post"}],"author":[{"embeddable":true,"href":"https:\/\/www.acapulcopress.com\/index.php\/wp-json\/wp\/v2\/users\/2"}],"replies":[{"embeddable":true,"href":"https:\/\/www.acapulcopress.com\/index.php\/wp-json\/wp\/v2\/comments?post=1227397"}],"version-history":[{"count":0,"href":"https:\/\/www.acapulcopress.com\/index.php\/wp-json\/wp\/v2\/posts\/1227397\/revisions"}],"wp:featuredmedia":[{"embeddable":true,"href":"https:\/\/www.acapulcopress.com\/index.php\/wp-json\/"}],"wp:attachment":[{"href":"https:\/\/www.acapulcopress.com\/index.php\/wp-json\/wp\/v2\/media?parent=1227397"}],"wp:term":[{"taxonomy":"category","embeddable":true,"href":"https:\/\/www.acapulcopress.com\/index.php\/wp-json\/wp\/v2\/categories?post=1227397"},{"taxonomy":"post_tag","embeddable":true,"href":"https:\/\/www.acapulcopress.com\/index.php\/wp-json\/wp\/v2\/tags?post=1227397"}],"curies":[{"name":"wp","href":"https:\/\/api.w.org\/{rel}","templated":true}]}}