{"id":1227420,"date":"2021-05-15T18:20:10","date_gmt":"2021-05-15T23:20:10","guid":{"rendered":"https:\/\/www.acapulco.press\/?p=1227420"},"modified":"2021-05-15T18:20:10","modified_gmt":"2021-05-15T23:20:10","slug":"mario-en-empate-tecnico-con-evelyn-pero-con-tendencia-a-remontar-a-morena-y-ganar-la-gubernatura","status":"publish","type":"post","link":"https:\/\/www.acapulcopress.com\/index.php\/2021\/05\/15\/mario-en-empate-tecnico-con-evelyn-pero-con-tendencia-a-remontar-a-morena-y-ganar-la-gubernatura\/","title":{"rendered":"Mario en &#8216;empate t\u00e9cnico&#8217; con Evelyn, pero con tendencia a remontar a Morena y ganar la Gubernatura"},"content":{"rendered":"<p style=\"text-align: justify;\"><em>* El candidato de la Colaci\u00f3n PRI\/PRD, Mario Moreno Arcos, se ubica en &#8216;empate t\u00e9cnico&#8217; con Morena, apenas 4 puntos abajo de Evelyn Salgado, pero con tendencia a remontar ese marcador en los d\u00edas que restan para la elecci\u00f3n del de junio.\u00a0<strong><br \/>\n* \u00abUn violador no va ser gobernador\u00bb de Guerrero, \u00a1vamos a ganar la gubernatura. augura el candidato de \u00abVa por Guerrero.<br \/>\n<\/strong>* A falta de propuestas y proyectos serios, Evelyn Salgado ahora canta para atraer la atenci\u00f3n de los seguidores de su padre.<\/em><\/p>\n<p style=\"text-align: justify;\">\u00bb \u00c1ngel <strong>Blanco<\/strong> .<br \/>\n] CHILPANCINGO. &#8216; 17 de mayo de 2021.<br \/>\n<em>) Acapulco.pres.<\/em><\/p>\n<p style=\"text-align: justify;\">Pese a haber enfrentado a un pol\u00edtico legendario como F\u00e9lix Salgado Macedonio, cuya presencia en todo el estado es innegable, y luego a su hija, Evelyn Salgado Pineda, adem\u00e1s de todo el sistema estructural de Moren y el propio Gobierno Federal y quien lo preside, Andr\u00e9s Manuel L\u00f3pez Obrador, el candidato de la coalici\u00f3n PRI\/PRD, Mario Moreno Arcos, mantiene el empate t\u00e9cnico que tienen ir a la alza y con pron\u00f3sticos favorables que lo har\u00edan ganador del proceso electoral del junio por la Gubernatura de Guerrero.<\/p>\n<p style=\"text-align: justify;\">Lo dicen no los rumor\u00f3logos de oficio, sino encuestadoras serias como<em> Massive Caller,<\/em> que esta semana coloc\u00f3 a\u00a0 Moreno Arcos en cerrado empate t\u00e9cnico con Morena, con apenas 4 puntos de diferencia.<\/p>\n<p style=\"text-align: justify;\">Los resultados del sondeo llevado a cabo por <em>C&amp;E Research<\/em> el pasado 10 de mayo son m\u00e1s reveladores.<\/p>\n<p style=\"text-align: justify;\">Si hoy fueras las elecciones para gobernador de Guerrero \u00abMario Moreno Arcos ganar\u00eda a Evelyn Salgado y Morena con una ventaja de 9 puntos\u00bb, revela la consultora electoral, que da 46 puntos al candidato de la coalici\u00f3n PRI\/PRD y 37 a la candidata de Morena.<\/p>\n<p><code><iframe loading=\"lazy\" style=\"border: none; overflow: hidden;\" src=\"https:\/\/www.facebook.com\/plugins\/video.php?height=314&amp;href=https%3A%2F%2Fwww.facebook.com%2Fangelblanco.press%2Fvideos%2F2884457091814947%2F&amp;show_text=false&amp;width=560\" width=\"560\" height=\"314\" frameborder=\"0\" scrolling=\"no\" allowfullscreen=\"allowfullscreen\"><\/iframe><\/code><\/p>\n<p style=\"text-align: justify;\"><strong>YA NO EXISTEN LAS DESVENTAJAS ENORMES: MARIO MORENO\u00a0<\/strong><\/p>\n<p style=\"text-align: justify;\">En entrevista con el periodista Carlos Loret de Mola para <em>Latinus,<\/em> Mario Moreno fue cuestionado con cifras y preguntas duras que no hicieron tambalear al candidato. Al contrario, respondi\u00f3 con solventes argumentados que dejaron bien parado a Moreno Arcos como un pol\u00edtico experimentado y conocedor de los temas coyunturales que <img loading=\"lazy\" decoding=\"async\" class=\"alignleft size-medium wp-image-1227429\" src=\"https:\/\/www.acapulco.press\/wp-content\/uploads\/2021\/05\/MARIO-MORENO-GOBERNADOR-375x250.jpg\" alt=\"\" width=\"375\" height=\"250\" \/>aquejan al estado y la realidad que enfrente como representante de dos partidos que han venido del desprestigio a la reivindicaci\u00f3n y crecimiento pol\u00edtico de la mano de Mario Moreno.<\/p>\n<p style=\"text-align: justify;\">\u00abYa no existen aquellas encuestas donde nos llevaban enorme ventaja\u00bb, dijo el candidato de la coalici\u00f3n \u00abVa por Guerrero\u00bb al periodista que con insistencia buscaba entramparlo en ocasiones, pero Mario Moreno sorte\u00f3 todos los bombardeos de Loret de Mola, y se atrevi\u00f3 a garantizar que \u00abun violador no va ser gobernador\u00bb de Guerrero, porque Mario Moreno y la coalici\u00f3n que representa ha ido superando al adversario, a grado tal que sus propuestas serias y responsables han ido convenciendo hasta los militantes del partido que representa la candidata de Morena, los cuales sin vacilaciones se ha adherido a Mario Moreno y al proyecto que encabeza rumbo a la gubernatura del Estado.<\/p>\n<p style=\"text-align: justify;\">Mario Moreno reconoci\u00f3 que como candidato no solo enfrent\u00f3 a F\u00e9lix Salgado, quien fue inhabilitado por no cumplir con los lineamientos electorales del INE; hoy tambi\u00e9n enfrenta a su hija y de nuevo a F\u00e9lix Salgado, quien sigue despleg\u00e1ndose en todo el estado de la mano de la candidata de Morena a fin de conseguirle votos, en vista que \u00abla <img loading=\"lazy\" decoding=\"async\" class=\"alignleft size-medium wp-image-1227432\" src=\"https:\/\/www.acapulco.press\/wp-content\/uploads\/2021\/05\/Evelyn-Selena-375x281.jpg\" alt=\"\" width=\"375\" height=\"281\" \/>muchacha\u00bb no tiene antecedentes de trabajo ni trayectoria pol\u00edtica y tampoco trae ni propuestas ni proyectos que convenzan y ayuden al desarrollo de Guerrero, motivos por los que para captar la atenci\u00f3n de los seguidores de su padre &#8211;pues es el que hace campa\u00f1a por ella&#8211; ahora recurre a la &#8216;cantada&#8217; para mantener atentos a los asistentes a los eventos de su campa\u00f1a.<\/p>\n<p style=\"text-align: justify;\">Por si esto no bastar, Moreno Arcos lucha tambi\u00e9n\u00a0 contra el Presidente de la Republica, contra todos los servidores de la naci\u00f3n y contra toda la estructura de Morena en Guerrero, que aprovechan la necesidad y pobreza que impera en las zonas marginales del estado para influir en el proceso electoral a favor de Morena a trav\u00e9s de los programas sociales del Gobierno federal.<\/p>\n<p style=\"text-align: justify;\">A todo lo anterior es innegable que la imagen de Mario Moreno ha sido el pilar fundamental del crecimiento y fuerza que el proyecto que enarbola para la coalici\u00f3n PRI\/PRD est\u00e9 m\u00e1s fortalecido que al principio y no solo vaya creciendo, sino sumando adeptos hasta del partido en el poder y otros m\u00e1s de izquierda que se han convencido que es solo con Mario Moreno que a Guerrero le espere mejor futuro.<\/p>\n<p style=\"text-align: justify;\"><strong>SONDEO DE MASSIVE CALLER DEL 13 DE MAYO 2021<\/strong><\/p>\n<p style=\"text-align: justify;\"><img loading=\"lazy\" decoding=\"async\" class=\"alignleft wp-image-1227426 size-large\" src=\"https:\/\/www.acapulco.press\/wp-content\/uploads\/2021\/05\/MASSIVE-CALLER-GRO-840x492.png\" alt=\"\" width=\"840\" height=\"492\" \/><br \/>\n<img loading=\"lazy\" decoding=\"async\" class=\"alignnone wp-image-1227427 size-large\" src=\"https:\/\/www.acapulco.press\/wp-content\/uploads\/2021\/05\/MASSIVE-CALLER-GRO2-840x485.png\" alt=\"\" width=\"840\" height=\"485\" \/><br \/>\n<strong>SONDEO DE C&amp;E RESEARCH DEL 10 DE MAYO 2021<br \/>\n<\/strong><br \/>\n<img loading=\"lazy\" decoding=\"async\" class=\"alignnone wp-image-1227428 \" src=\"https:\/\/www.acapulco.press\/wp-content\/uploads\/2021\/05\/CE-Research.png\" alt=\"\" width=\"830\" height=\"1758\" \/><br \/>\n<img loading=\"lazy\" decoding=\"async\" class=\"alignnone wp-image-1227424 \" src=\"https:\/\/www.acapulco.press\/wp-content\/uploads\/2021\/05\/pool-flash-10-mayo.2.png\" alt=\"\" width=\"827\" height=\"1205\" \/><br \/>\nwww.<strong>acapulco.press<\/strong><\/p>\n","protected":false},"excerpt":{"rendered":"<p>* El candidato de la Colaci\u00f3n PRI\/PRD, Mario Moreno Arcos, se ubica en &#8216;empate t\u00e9cnico&#8217; con Morena, apenas 4 puntos abajo de Evelyn Salgado, pero con tendencia a remontar ese marcador en los d\u00edas que restan para la elecci\u00f3n del de junio.\u00a0 * \u00abUn violador no va ser gobernador\u00bb de Guerrero, \u00a1vamos a ganar la&#8230;<\/p>\n","protected":false},"author":2,"featured_media":1227430,"comment_status":"closed","ping_status":"closed","sticky":false,"template":"","format":"standard","meta":{"footnotes":""},"categories":[2053,1972],"tags":[3896,4940,5208,7799,8251,8468,12685,12792,13297,14918],"class_list":["post-1227420","post","type-post","status-publish","format-standard","has-post-thumbnail","hentry","category-elecciones-special","category-special","tag-andres-manuel-lopez-obrador","tag-ce-research","tag-carlos-loret-de-mola","tag-eleccion-guerrero-2021","tag-evelyn-salgado-pineda","tag-felix-salgado-maceonio","tag-mario-moreno-arcos","tag-massive-caller","tag-morena","tag-pri-prd"],"_links":{"self":[{"href":"https:\/\/www.acapulcopress.com\/index.php\/wp-json\/wp\/v2\/posts\/1227420","targetHints":{"allow":["GET"]}}],"collection":[{"href":"https:\/\/www.acapulcopress.com\/index.php\/wp-json\/wp\/v2\/posts"}],"about":[{"href":"https:\/\/www.acapulcopress.com\/index.php\/wp-json\/wp\/v2\/types\/post"}],"author":[{"embeddable":true,"href":"https:\/\/www.acapulcopress.com\/index.php\/wp-json\/wp\/v2\/users\/2"}],"replies":[{"embeddable":true,"href":"https:\/\/www.acapulcopress.com\/index.php\/wp-json\/wp\/v2\/comments?post=1227420"}],"version-history":[{"count":0,"href":"https:\/\/www.acapulcopress.com\/index.php\/wp-json\/wp\/v2\/posts\/1227420\/revisions"}],"wp:featuredmedia":[{"embeddable":true,"href":"https:\/\/www.acapulcopress.com\/index.php\/wp-json\/"}],"wp:attachment":[{"href":"https:\/\/www.acapulcopress.com\/index.php\/wp-json\/wp\/v2\/media?parent=1227420"}],"wp:term":[{"taxonomy":"category","embeddable":true,"href":"https:\/\/www.acapulcopress.com\/index.php\/wp-json\/wp\/v2\/categories?post=1227420"},{"taxonomy":"post_tag","embeddable":true,"href":"https:\/\/www.acapulcopress.com\/index.php\/wp-json\/wp\/v2\/tags?post=1227420"}],"curies":[{"name":"wp","href":"https:\/\/api.w.org\/{rel}","templated":true}]}}