{"id":1227447,"date":"2021-05-15T20:04:18","date_gmt":"2021-05-16T01:04:18","guid":{"rendered":"https:\/\/www.acapulco.press\/?p=1227447"},"modified":"2021-05-15T20:04:18","modified_gmt":"2021-05-16T01:04:18","slug":"ernesto-rivera-la-trifulca-de-la-sabana-entre-civiles","status":"publish","type":"post","link":"https:\/\/www.acapulcopress.com\/index.php\/2021\/05\/15\/ernesto-rivera-la-trifulca-de-la-sabana-entre-civiles\/","title":{"rendered":"Ernesto Rivera | La trifulca de La S\u00e1bana, entre civiles"},"content":{"rendered":"<p style=\"text-align: justify;\"><strong>* Candidatos se \u00abcuelgan\u00bb de estos hechos.<\/strong><\/p>\n<p>Tercera V\u00eda<br \/>\n]<strong> Ernesto Rivera Rodr\u00edguez<\/strong>.<\/p>\n<p style=\"text-align: justify;\">Las campa\u00f1as pol\u00edticas se han convertido en un trapecio para golpear a las autoridades municipales de todo lo negativo, y s\u00e1lvese el que pueda de lo que sucede en la ciudad, su zona perif\u00e9rica y zona rural..en una ciudad plena de dinamismo y compleja vida cotidiana.<\/p>\n<p style=\"text-align: justify;\">Las estad\u00edsticas nos muestran que Acapulco y Guerrero como entidad van superado los estadios de violencia que le azotaban hace unos a\u00f1os. Hoy son escasos, donde se ha actuado con programas de seguridad, atenci\u00f3n ciudadana y un permanente recorrido y atenci\u00f3n por parte de los cuerpos de seguridad municipal, estatal, la guardia nacional y la Sedena.<\/p>\n<p style=\"text-align: justify;\">De ah\u00ed que con muy \u00abgusto\u00bb candidatos a puestos de elecci\u00f3n popular como lo es Abelina L\u00f3pez Rodr\u00edguez, y su grupo se\u00f1alaron ante los medios, la injerencia de su ac\u00e9rrimo adversario pol\u00edtico en un evento suscitado entre dos grupos antagonismos sobre la avenida Constituyentes, a la altura de la colonia La Laja,\u00a0 y la falta de seguridad por parte de los cuerpos de SEGURIDAD, siendo totalmente rechazados por la Fiscal\u00eda General del Estado, a\u00fan as\u00ed tuvo la osad\u00eda de \u00abromperse las vestiduras\u00bb.<\/p>\n<p style=\"text-align: justify;\">De los hechos sucedidos en La S\u00e1bana la tarde noche de ayer, result\u00f3 de una diferencia entre civiles, en donde las autoridades acudieron al primer llamado y todo lo contrario a lo vertido por el candidato a la alcald\u00eda Ricardo Taja Ram\u00edrez, que busca tambi\u00e9n llevar \u00abagua a su molino\u00bb c\u00f3mo remedo de lo vertido un d\u00eda antes como su contraparte morenista.<\/p>\n<p style=\"text-align: justify;\">Si hay alguien OCUPADOS en la seguridad de los acapulque\u00f1os son el propio gobernador del estado, H\u00e9ctor Astudillo Flores y la edil Adela Rom\u00e1n Ocampo, los cual han sido reconocidos y felicitados, en la mism\u00edsima Mesa para la Construcci\u00f3n de la Paz, y quienes sin escatimar esfuerzos han mantenido\u00a0 una firme estrategia y cooperaci\u00f3n por la seguridad en Acapulco, manteniendo sus d\u00edgitos dentro del Top 10 de los \u00edndices m\u00e1s bajos de violencia en el pa\u00eds.<\/p>\n<p style=\"text-align: justify;\">\u00a0Busquen en otros lados \u00ablos tres pies al gato\u00bb, porque lo \u00fanico que muestran estos candidatos es su desesperaci\u00f3n ante el desencanto del electorado, que solo ven en ellos una \u00abcaballada flaca\u00bb rememorando a desaparecido gobernador del estado.<\/p>\n","protected":false},"excerpt":{"rendered":"<p>* Candidatos se \u00abcuelgan\u00bb de estos hechos. Tercera V\u00eda ] Ernesto Rivera Rodr\u00edguez. Las campa\u00f1as pol\u00edticas se han convertido en un trapecio para golpear a las autoridades municipales de todo lo negativo, y s\u00e1lvese el que pueda de lo que sucede en la ciudad, su zona perif\u00e9rica y zona rural..en una ciudad plena de dinamismo&#8230;<\/p>\n","protected":false},"author":2,"featured_media":1227448,"comment_status":"closed","ping_status":"closed","sticky":false,"template":"","format":"standard","meta":{"footnotes":""},"categories":[2071,1991],"tags":[8063,17071],"class_list":["post-1227447","post","type-post","status-publish","format-standard","has-post-thumbnail","hentry","category-opinion-analisis-columnas","category-libertad-de-expresion","tag-ernesto-rivera-rodriguez","tag-tercera-via"],"_links":{"self":[{"href":"https:\/\/www.acapulcopress.com\/index.php\/wp-json\/wp\/v2\/posts\/1227447","targetHints":{"allow":["GET"]}}],"collection":[{"href":"https:\/\/www.acapulcopress.com\/index.php\/wp-json\/wp\/v2\/posts"}],"about":[{"href":"https:\/\/www.acapulcopress.com\/index.php\/wp-json\/wp\/v2\/types\/post"}],"author":[{"embeddable":true,"href":"https:\/\/www.acapulcopress.com\/index.php\/wp-json\/wp\/v2\/users\/2"}],"replies":[{"embeddable":true,"href":"https:\/\/www.acapulcopress.com\/index.php\/wp-json\/wp\/v2\/comments?post=1227447"}],"version-history":[{"count":0,"href":"https:\/\/www.acapulcopress.com\/index.php\/wp-json\/wp\/v2\/posts\/1227447\/revisions"}],"wp:featuredmedia":[{"embeddable":true,"href":"https:\/\/www.acapulcopress.com\/index.php\/wp-json\/"}],"wp:attachment":[{"href":"https:\/\/www.acapulcopress.com\/index.php\/wp-json\/wp\/v2\/media?parent=1227447"}],"wp:term":[{"taxonomy":"category","embeddable":true,"href":"https:\/\/www.acapulcopress.com\/index.php\/wp-json\/wp\/v2\/categories?post=1227447"},{"taxonomy":"post_tag","embeddable":true,"href":"https:\/\/www.acapulcopress.com\/index.php\/wp-json\/wp\/v2\/tags?post=1227447"}],"curies":[{"name":"wp","href":"https:\/\/api.w.org\/{rel}","templated":true}]}}