{"id":1227464,"date":"2021-05-15T21:11:15","date_gmt":"2021-05-16T02:11:15","guid":{"rendered":"https:\/\/www.acapulco.press\/?p=1227464"},"modified":"2021-05-15T21:11:15","modified_gmt":"2021-05-16T02:11:15","slug":"conviven-hector-vicario-y-hector-ocampo-con-maestros-del-distrito-23","status":"publish","type":"post","link":"https:\/\/www.acapulcopress.com\/index.php\/2021\/05\/15\/conviven-hector-vicario-y-hector-ocampo-con-maestros-del-distrito-23\/","title":{"rendered":"Conviven H\u00e9ctor Vicario y H\u00e9ctor Ocampo con maestros del Distrito 23"},"content":{"rendered":"<p>] CHILPANCINGO. &#8216; 14 de mayo de 2021.<br \/>\n<em>) Especial.<\/em><\/p>\n<p style=\"text-align: justify;\">\u00abHoy en el D\u00eda del Maestro, junto a H\u00e9ctor Ocampo nos reunimos con dicentes del magisterio de los niveles: preescolar, primaria, secundaria, media superior, educaci\u00f3n especial y educaci\u00f3n f\u00edsica, y escuchamos sus preocupaciones y consolidamos acciones para la educaci\u00f3n de nuestra regi\u00f3n\u00bb, inform\u00f3 el candidato de la alianza PRI\/PRD a Diputado Local por el Distrito 23 de Guerrero, H\u00e9ctor Vicario Castrej\u00f3n.<\/p>\n<p>\u00abMi reconocimiento a los docentes por el tiempo el tiempo que dedican a esta gran profesi\u00f3n y su compromiso para impartir educaci\u00f3n a la sociedad de nuestro pa\u00eds\u00bb.<\/p>\n<p>\u00abEn este proyecto seguimos trabajando para la educaci\u00f3n, tal es el caso de que mi labor para nuestra gente no termina, el tema de la educaci\u00f3n con los j\u00f3venes es una de mis mayores preocupaciones. Para que todos tengan las mismas oportunidades de continuar estudiando, gestionamos y fundamos telesecundarias y 28 telebachilleratos en las localidades rurales del estado. Seguiremos gestionando y fortaleciendo apoyos e incrementando la infraestructura educativa, creemos firmemente que la educaci\u00f3n es necesaria, es un derecho de todos las ni\u00f1as, ni\u00f1os y j\u00f3venes\u00bb, expres\u00f3 Vicario Castrej\u00f3n.<\/p>\n\n","protected":false},"excerpt":{"rendered":"<p>] CHILPANCINGO. &#8216; 14 de mayo de 2021. ) Especial. \u00abHoy en el D\u00eda del Maestro, junto a H\u00e9ctor Ocampo nos reunimos con dicentes del magisterio de los niveles: preescolar, primaria, secundaria, media superior, educaci\u00f3n especial y educaci\u00f3n f\u00edsica, y escuchamos sus preocupaciones y consolidamos acciones para la educaci\u00f3n de nuestra regi\u00f3n\u00bb, inform\u00f3 el candidato&#8230;<\/p>\n","protected":false},"author":2,"featured_media":1227468,"comment_status":"closed","ping_status":"closed","sticky":false,"template":"","format":"standard","meta":{"footnotes":""},"categories":[2052,18561],"tags":[3680,9726,9738],"class_list":["post-1227464","post","type-post","status-publish","format-standard","has-post-thumbnail","hentry","category-elecciones","category-society-politics","tag-alianza-pri-prd-2021","tag-hector-ocampo","tag-hector-vicario-castrejon"],"_links":{"self":[{"href":"https:\/\/www.acapulcopress.com\/index.php\/wp-json\/wp\/v2\/posts\/1227464","targetHints":{"allow":["GET"]}}],"collection":[{"href":"https:\/\/www.acapulcopress.com\/index.php\/wp-json\/wp\/v2\/posts"}],"about":[{"href":"https:\/\/www.acapulcopress.com\/index.php\/wp-json\/wp\/v2\/types\/post"}],"author":[{"embeddable":true,"href":"https:\/\/www.acapulcopress.com\/index.php\/wp-json\/wp\/v2\/users\/2"}],"replies":[{"embeddable":true,"href":"https:\/\/www.acapulcopress.com\/index.php\/wp-json\/wp\/v2\/comments?post=1227464"}],"version-history":[{"count":0,"href":"https:\/\/www.acapulcopress.com\/index.php\/wp-json\/wp\/v2\/posts\/1227464\/revisions"}],"wp:featuredmedia":[{"embeddable":true,"href":"https:\/\/www.acapulcopress.com\/index.php\/wp-json\/"}],"wp:attachment":[{"href":"https:\/\/www.acapulcopress.com\/index.php\/wp-json\/wp\/v2\/media?parent=1227464"}],"wp:term":[{"taxonomy":"category","embeddable":true,"href":"https:\/\/www.acapulcopress.com\/index.php\/wp-json\/wp\/v2\/categories?post=1227464"},{"taxonomy":"post_tag","embeddable":true,"href":"https:\/\/www.acapulcopress.com\/index.php\/wp-json\/wp\/v2\/tags?post=1227464"}],"curies":[{"name":"wp","href":"https:\/\/api.w.org\/{rel}","templated":true}]}}