{"id":1227484,"date":"2021-05-15T21:39:04","date_gmt":"2021-05-16T02:39:04","guid":{"rendered":"https:\/\/www.acapulco.press\/?p=1227484"},"modified":"2021-05-15T21:39:04","modified_gmt":"2021-05-16T02:39:04","slug":"acapulco-un-municipio-sin-ley-no-hay-vigilancia-ni-prevencion-del-delito-taja","status":"publish","type":"post","link":"https:\/\/www.acapulcopress.com\/index.php\/2021\/05\/15\/acapulco-un-municipio-sin-ley-no-hay-vigilancia-ni-prevencion-del-delito-taja\/","title":{"rendered":"\u201cAcapulco, un municipio sin ley: no hay vigilancia ni prevenci\u00f3n del delito\u201d | #Taja"},"content":{"rendered":"<p style=\"text-align: justify;\"><em><strong>* Taja Ram\u00edrez condena y lamenta los hechos violentos de la Sabana; se solidariza con las familias afectadas: \u00ab\u00bfAhora a quien le van a echar la culpa?\u00bb, pregunta\u00a0<\/strong><\/em><\/p>\n<p>] ACAPULCO. &#8216; 14 de mayo de 2021.<br \/>\n<em>) Especial.<\/em><\/p>\n<p style=\"text-align: justify;\">Tras condenar y lamentar los hechos violentos ocurridos en La Sabana, el candidato de la coalici\u00f3n PRI-PRD, Ricardo Taja Ram\u00edrez, se\u00f1al\u00f3 que el gobierno municipal de Morena sigue afectando a la poblaci\u00f3n por la falta de prevenci\u00f3n del delito ya que puede ocurrir cualquier cosa y el Ayuntamiento ni se inmuta.<\/p>\n<p style=\"text-align: justify;\">\u00abNo hay polic\u00edas, no hay vigilancia, pueden llegar a matar, ejecutar y robar y no pasa nada, no hay vigilancia, no hay estrategia, no hay prevenci\u00f3n del delito y todo esto tiene nombre, un gobierno lejano a la gente\u00bb.<\/p>\n<p style=\"text-align: justify;\">El candidato de la coalici\u00f3n PRI-PRD dijo que este gobierno est\u00e1 dejando destruido al destino y quien aspira a la presidencia municipal por Morena va a dejar un Acapulco en cenizas. Hace unos d\u00edas le quisieron echar la culpa a muchas personas por otro hecho de inseguridad por lo que pregunto y ahora a qui\u00e9n le van a echar la culpa de este hecho violento cuando todos saben que son ellos los responsables.<\/p>\n<p style=\"text-align: justify;\">En conferencia de prensa, Taja Ram\u00edrez coment\u00f3 que una hora antes de los hechos violentos, que dejaron saldo de dos muertos y cuatro heridos, estuvo en La Sabana y la gente le manifest\u00f3 que vive con miedo. Por eso pregunto a la sociedad \u00bfqueremos seguir teniendo un gobierno omiso que siga sin atender los grandes problemas en Acapulco? \u00bfun gobierno lejano y que permite que ocurran hechos violentos y no hacen nada por evitarlos?<\/p>\n<p style=\"text-align: justify;\">Taja Ram\u00edrez hizo un llamado a los tres \u00f3rdenes de gobierno para que pongan atenci\u00f3n en la seguridad en Acapulco. Coment\u00f3 que la gente quiere un gobierno que atienda a la gente y que de resultados y no un gobierno sin ley como el que se vive en esta administraci\u00f3n morenista.<\/p>\n<p style=\"text-align: justify;\">Acompa\u00f1ado por los morenistas Javier Solorio Almaz\u00e1n e Isa\u00edas Arellano, s\u00edndico municipal y fundador de Morena, respectivamente; el dirigente municipal del PRI, Sof\u00edo Ram\u00edrez Hern\u00e1ndez y del coordinador de campa\u00f1a, Jorge Camacho, reiter\u00f3 su solidaridad con las familias que salieron afectadas en este acto violento ocurrido en La Sabana.<\/p>\n<div style=\"width: 848px;\" class=\"wp-video\"><video class=\"wp-video-shortcode\" id=\"video-1227484-1\" width=\"848\" height=\"480\" preload=\"metadata\" controls=\"controls\"><source type=\"video\/mp4\" src=\"https:\/\/www.acapulco.press\/wp-content\/uploads\/2021\/05\/taja-sabana.mp4?_=1\" \/><a href=\"https:\/\/www.acapulco.press\/wp-content\/uploads\/2021\/05\/taja-sabana.mp4\">https:\/\/www.acapulco.press\/wp-content\/uploads\/2021\/05\/taja-sabana.mp4<\/a><\/video><\/div>\n","protected":false},"excerpt":{"rendered":"<p>* Taja Ram\u00edrez condena y lamenta los hechos violentos de la Sabana; se solidariza con las familias afectadas: \u00ab\u00bfAhora a quien le van a echar la culpa?\u00bb, pregunta\u00a0 ] ACAPULCO. &#8216; 14 de mayo de 2021. ) Especial. Tras condenar y lamentar los hechos violentos ocurridos en La Sabana, el candidato de la coalici\u00f3n PRI-PRD,&#8230;<\/p>\n","protected":false},"author":2,"featured_media":1227485,"comment_status":"closed","ping_status":"closed","sticky":false,"template":"","format":"standard","meta":{"footnotes":""},"categories":[2053,1972],"tags":[5938,14895,15606],"class_list":["post-1227484","post","type-post","status-publish","format-standard","has-post-thumbnail","hentry","category-elecciones-special","category-special","tag-coalicion-pri-prd","tag-presidencia-de-acapulco","tag-ricardo-taja-ramirez"],"_links":{"self":[{"href":"https:\/\/www.acapulcopress.com\/index.php\/wp-json\/wp\/v2\/posts\/1227484","targetHints":{"allow":["GET"]}}],"collection":[{"href":"https:\/\/www.acapulcopress.com\/index.php\/wp-json\/wp\/v2\/posts"}],"about":[{"href":"https:\/\/www.acapulcopress.com\/index.php\/wp-json\/wp\/v2\/types\/post"}],"author":[{"embeddable":true,"href":"https:\/\/www.acapulcopress.com\/index.php\/wp-json\/wp\/v2\/users\/2"}],"replies":[{"embeddable":true,"href":"https:\/\/www.acapulcopress.com\/index.php\/wp-json\/wp\/v2\/comments?post=1227484"}],"version-history":[{"count":0,"href":"https:\/\/www.acapulcopress.com\/index.php\/wp-json\/wp\/v2\/posts\/1227484\/revisions"}],"wp:featuredmedia":[{"embeddable":true,"href":"https:\/\/www.acapulcopress.com\/index.php\/wp-json\/"}],"wp:attachment":[{"href":"https:\/\/www.acapulcopress.com\/index.php\/wp-json\/wp\/v2\/media?parent=1227484"}],"wp:term":[{"taxonomy":"category","embeddable":true,"href":"https:\/\/www.acapulcopress.com\/index.php\/wp-json\/wp\/v2\/categories?post=1227484"},{"taxonomy":"post_tag","embeddable":true,"href":"https:\/\/www.acapulcopress.com\/index.php\/wp-json\/wp\/v2\/tags?post=1227484"}],"curies":[{"name":"wp","href":"https:\/\/api.w.org\/{rel}","templated":true}]}}