{"id":1227491,"date":"2021-05-15T22:05:34","date_gmt":"2021-05-16T03:05:34","guid":{"rendered":"https:\/\/www.acapulco.press\/?p=1227491"},"modified":"2021-05-15T22:05:34","modified_gmt":"2021-05-16T03:05:34","slug":"mario-moreno-internacionalizara-productos-fruticolas-de-guerrero","status":"publish","type":"post","link":"https:\/\/www.acapulcopress.com\/index.php\/2021\/05\/15\/mario-moreno-internacionalizara-productos-fruticolas-de-guerrero\/","title":{"rendered":"Mario Moreno internacionalizar\u00e1 productos frut\u00edcolas de Guerrero"},"content":{"rendered":"<p style=\"text-align: justify;\">] ATOYAC, Gro. &#8216; 14 de mayo de 2021.<br \/>\n<em>) Especial.<\/em><\/p>\n<p style=\"text-align: justify;\">\u00abAh\u00ed en las urnas vamos a obtener la victoria para que iniciemos la gran transformaci\u00f3n que Guerrero necesita\u00bb, dijo el candidato de la alianza PRI-PRD Mario Moreno Arcos en su visita a la regi\u00f3n Costa Grande en donde su <img loading=\"lazy\" decoding=\"async\" class=\"alignleft size-medium wp-image-1227493\" src=\"https:\/\/www.acapulco.press\/wp-content\/uploads\/2021\/05\/MARIO-ATOYAC2-375x250.jpeg\" alt=\"\" width=\"375\" height=\"250\" \/>compromiso es llevar a los mercados internacionales y del pa\u00eds, los productos del campo guerrerense.<\/p>\n<p style=\"text-align: justify;\">En Atoyac, Moreno Arcos recorri\u00f3 una bodega empacadora de mangos, y se reuni\u00f3 con diversos l\u00edderes de organizaciones campesinas y con productores de la regi\u00f3n, quienes le ofrecieron ser aliados para trabajar de manera conjunta una vez que llegue al gobierno del estado, por que usted es una persona seria, comprometida, con experiencia, que sabemos le va a cumplir a los guerrerenses, le dijeron.<\/p>\n<p style=\"text-align: justify;\">El abanderado de la alianza Va por Guerrero, plante\u00f3 <img loading=\"lazy\" decoding=\"async\" class=\"alignleft size-medium wp-image-1227492\" src=\"https:\/\/www.acapulco.press\/wp-content\/uploads\/2021\/05\/MARIO-ATOYAC-375x250.jpeg\" alt=\"\" width=\"375\" height=\"250\" \/>completar la cadena productiva y dar valor agregado a todo lo que se produce en el estado: \u00abvoy a iniciar un proceso, voy a tocar puertas, voy a buscar inversionistas para que vengan a Guerrero y que nos ayuden a explotar toda esa riqueza que tenemos\u00bb apunt\u00f3.<\/p>\n<p style=\"text-align: justify;\">Y a\u00f1adi\u00f3: \u00abcada territorio tiene su potencialidad, tiene su propia riqueza, pero que est\u00e1 ah\u00ed todav\u00eda en bruto y que necesitamos empezar a pulir para que dejemos esa marginaci\u00f3n, esa pobreza, que todav\u00eda nos ofende, nos l\u00e1stima\u00bb.<\/p>\n<p style=\"text-align: justify;\"><img loading=\"lazy\" decoding=\"async\" class=\"alignleft size-medium wp-image-1227496\" src=\"https:\/\/www.acapulco.press\/wp-content\/uploads\/2021\/05\/MARIO-ATOYAC5-375x250.jpeg\" alt=\"\" width=\"375\" height=\"250\" \/>Acompa\u00f1ado de Antonio Guti\u00e9rrez Mart\u00ednez, candidato a presidente municipal de Atoyac de \u00c1lvarez, Moreno Arcos dijo que va a ser el impulsor del desarrollo del campo en Guerrero, al tiempo de reiterar la inversi\u00f3n sin precedente que har\u00e1 para apoyar a todos los campesinos y campesinas, en coordinaci\u00f3n con los gobiernos municipales.<\/p>\n<p style=\"text-align: justify;\">Finalmente Mario Moreno pidi\u00f3 dar el apoyo a todos los candidatos de la alianza PRI-PRD, pues son \u00abcandidatos que est\u00e1n comprometidos principalmente con el desarrollo de este estado\u00bb asever\u00f3.<\/p>\n<p style=\"text-align: justify;\">Tambi\u00e9n estuvieron presentes el dirigente estatal del PRD, Alberto Catal\u00e1n Bastida, Evencio Romero Sotelo, representante de la liga de comunidades agrarias, la candidata a diputada local Jesusita Galeana, adem\u00e1s de Ricardo \u00c1ngel Barrientos candidato a diputado federal, as\u00ed como los presidentes de los Sistemas Producto del coco y el mango, Jos\u00e9 \u00c1ngel Mena y Daniel Padilla, entre otras personalidades m\u00e1s que le expresaron su respaldo a Moreno Arcos para que gobierne esta entidad.<\/p>\n\n","protected":false},"excerpt":{"rendered":"<p>] ATOYAC, Gro. &#8216; 14 de mayo de 2021. ) Especial. \u00abAh\u00ed en las urnas vamos a obtener la victoria para que iniciemos la gran transformaci\u00f3n que Guerrero necesita\u00bb, dijo el candidato de la alianza PRI-PRD Mario Moreno Arcos en su visita a la regi\u00f3n Costa Grande en donde su compromiso es llevar a los&#8230;<\/p>\n","protected":false},"author":2,"featured_media":1227501,"comment_status":"closed","ping_status":"closed","sticky":false,"template":"","format":"standard","meta":{"footnotes":""},"categories":[2052,18561],"tags":[2914,5938,7799,12685],"class_list":["post-1227491","post","type-post","status-publish","format-standard","has-post-thumbnail","hentry","category-elecciones","category-society-politics","tag-vaxguerrero","tag-coalicion-pri-prd","tag-eleccion-guerrero-2021","tag-mario-moreno-arcos"],"_links":{"self":[{"href":"https:\/\/www.acapulcopress.com\/index.php\/wp-json\/wp\/v2\/posts\/1227491","targetHints":{"allow":["GET"]}}],"collection":[{"href":"https:\/\/www.acapulcopress.com\/index.php\/wp-json\/wp\/v2\/posts"}],"about":[{"href":"https:\/\/www.acapulcopress.com\/index.php\/wp-json\/wp\/v2\/types\/post"}],"author":[{"embeddable":true,"href":"https:\/\/www.acapulcopress.com\/index.php\/wp-json\/wp\/v2\/users\/2"}],"replies":[{"embeddable":true,"href":"https:\/\/www.acapulcopress.com\/index.php\/wp-json\/wp\/v2\/comments?post=1227491"}],"version-history":[{"count":0,"href":"https:\/\/www.acapulcopress.com\/index.php\/wp-json\/wp\/v2\/posts\/1227491\/revisions"}],"wp:featuredmedia":[{"embeddable":true,"href":"https:\/\/www.acapulcopress.com\/index.php\/wp-json\/"}],"wp:attachment":[{"href":"https:\/\/www.acapulcopress.com\/index.php\/wp-json\/wp\/v2\/media?parent=1227491"}],"wp:term":[{"taxonomy":"category","embeddable":true,"href":"https:\/\/www.acapulcopress.com\/index.php\/wp-json\/wp\/v2\/categories?post=1227491"},{"taxonomy":"post_tag","embeddable":true,"href":"https:\/\/www.acapulcopress.com\/index.php\/wp-json\/wp\/v2\/tags?post=1227491"}],"curies":[{"name":"wp","href":"https:\/\/api.w.org\/{rel}","templated":true}]}}