{"id":1227521,"date":"2021-04-07T18:23:55","date_gmt":"2021-04-07T23:23:55","guid":{"rendered":"https:\/\/www.acapulco.press\/?p=1227521"},"modified":"2021-04-07T18:23:55","modified_gmt":"2021-04-07T23:23:55","slug":"nombra-rector-olea-a-funcionarios-de-la-administracion-central-de-uagro","status":"publish","type":"post","link":"https:\/\/www.acapulcopress.com\/index.php\/2021\/04\/07\/nombra-rector-olea-a-funcionarios-de-la-administracion-central-de-uagro\/","title":{"rendered":"Nombra Rector Olea a funcionarios de la Administraci\u00f3n Central de UAGro"},"content":{"rendered":"<p>] CHILPANCINGO. &#8216; 7 de abril de 2021.<br \/>\n<em>) UAGro.<\/em><\/p>\n<p style=\"text-align: justify;\">El rector de la Universidad Aut\u00f3noma de Guerrero, Jos\u00e9 Alfredo Romero Olea tom\u00f3 protesta a los funcionarios de la Administraci\u00f3n Central que lo acompa\u00f1ar\u00e1n en los pr\u00f3ximos meses para asegurar el funcionamiento de los planes y programas acad\u00e9micos as\u00ed como las funciones administrativas.<\/p>\n<p style=\"text-align: justify;\">Reunidos en las instalaciones de Rector\u00eda, Romero Olea ratific\u00f3 que mantendr\u00e1 la estabilidad de la m\u00e1xima casa de estudios con trabajo en equipo y en unidad y con ello, asegurar el proceso de transici\u00f3n en la UAGro.<\/p>\n","protected":false},"excerpt":{"rendered":"<p>] CHILPANCINGO. &#8216; 7 de abril de 2021. ) UAGro. El rector de la Universidad Aut\u00f3noma de Guerrero, Jos\u00e9 Alfredo Romero Olea tom\u00f3 protesta a los funcionarios de la Administraci\u00f3n Central que lo acompa\u00f1ar\u00e1n en los pr\u00f3ximos meses para asegurar el funcionamiento de los planes y programas acad\u00e9micos as\u00ed como las funciones administrativas. Reunidos en&#8230;<\/p>\n","protected":false},"author":2,"featured_media":1227522,"comment_status":"closed","ping_status":"closed","sticky":false,"template":"","format":"standard","meta":{"footnotes":""},"categories":[2052,18561],"tags":[6705,10980,17463,17610],"class_list":["post-1227521","post","type-post","status-publish","format-standard","has-post-thumbnail","hentry","category-elecciones","category-society-politics","tag-covid19","tag-jose-alfredo-romero-olea","tag-uagro","tag-universidad-autonoma-de-guerrero-uagro"],"_links":{"self":[{"href":"https:\/\/www.acapulcopress.com\/index.php\/wp-json\/wp\/v2\/posts\/1227521","targetHints":{"allow":["GET"]}}],"collection":[{"href":"https:\/\/www.acapulcopress.com\/index.php\/wp-json\/wp\/v2\/posts"}],"about":[{"href":"https:\/\/www.acapulcopress.com\/index.php\/wp-json\/wp\/v2\/types\/post"}],"author":[{"embeddable":true,"href":"https:\/\/www.acapulcopress.com\/index.php\/wp-json\/wp\/v2\/users\/2"}],"replies":[{"embeddable":true,"href":"https:\/\/www.acapulcopress.com\/index.php\/wp-json\/wp\/v2\/comments?post=1227521"}],"version-history":[{"count":0,"href":"https:\/\/www.acapulcopress.com\/index.php\/wp-json\/wp\/v2\/posts\/1227521\/revisions"}],"wp:featuredmedia":[{"embeddable":true,"href":"https:\/\/www.acapulcopress.com\/index.php\/wp-json\/"}],"wp:attachment":[{"href":"https:\/\/www.acapulcopress.com\/index.php\/wp-json\/wp\/v2\/media?parent=1227521"}],"wp:term":[{"taxonomy":"category","embeddable":true,"href":"https:\/\/www.acapulcopress.com\/index.php\/wp-json\/wp\/v2\/categories?post=1227521"},{"taxonomy":"post_tag","embeddable":true,"href":"https:\/\/www.acapulcopress.com\/index.php\/wp-json\/wp\/v2\/tags?post=1227521"}],"curies":[{"name":"wp","href":"https:\/\/api.w.org\/{rel}","templated":true}]}}