{"id":1227529,"date":"2021-05-16T19:24:09","date_gmt":"2021-05-17T00:24:09","guid":{"rendered":"https:\/\/www.acapulco.press\/?p=1227529"},"modified":"2021-05-16T19:24:09","modified_gmt":"2021-05-17T00:24:09","slug":"nicolas-chavez-abandona-el-circo-de-evelyn-salgado-por-la-prostitucion-politica-que-impera-en-su-campana","status":"publish","type":"post","link":"https:\/\/www.acapulcopress.com\/index.php\/2021\/05\/16\/nicolas-chavez-abandona-el-circo-de-evelyn-salgado-por-la-prostitucion-politica-que-impera-en-su-campana\/","title":{"rendered":"Nicol\u00e1s Ch\u00e1vez abandona el &#8216;circo&#8217; de Evelyn Salgado por la &#8216;prostituci\u00f3n pol\u00edtica&#8217; que impera en su campa\u00f1a"},"content":{"rendered":"<p style=\"text-align: justify;\"><em>* Nicol\u00e1s Ch\u00e1vez Adame, l\u00edder la APPG\u00a0 lament\u00f3 que que Morena y F\u00e9lix Salgado Macedonio hayan jugado con los principios de la lucha social, al estarle dando al pueblo m\u00e1s de lo mismo.\u00a0\u00a0<\/em><br \/>\n<strong><em>* La candidatura de la hija de F\u00e9lix Salgado Macedonio \u00abse ha convertido en un circo\u00bb; Morena y F\u00e9lix Salgado siguen dando m\u00e1s de lo mismo al pueblo, se\u00f1ala Ch\u00e1vez Adame.<\/em><\/strong><br \/>\n<em>* La derecha no se combate con la derecha, ni se reclutan cascajos para fortalecer las trincheras revolucionarias en las batallas; porque eso nos debilita\u201d, remarca Ch\u00e1vez Adame, miembro de la Direcci\u00f3n Colectiva de Organizaciones Sociales, Civiles, Estudiantiles y Sindicatos del Estado de Guerrero (OSCESEG).<\/em><\/p>\n<p>] CHILPANCINGO. &#8216;\u00a0 16 de mayo de 2021.<br \/>\n<em>) Especial.<br \/>\n<\/em><br \/>\nNicol\u00e1s Ch\u00e1vez Adame, presidente de la Asamblea Popular de los Pueblos de Guerrero (APPG), se repliega y abandona el &#8216;circo&#8217; de Evelyn Salgado. \u00bfLos motivos? \u00abPor la &#8216;prostituci\u00f3n pol\u00edtica&#8217; que impera en su campa\u00f1a\u00bb y por los determinaciones arbitrarias que asumen F\u00e9lix Salgado y los grupos que controlan Morena en Guerrero \u00aba nombre del pueblo\u00bb.<\/p>\n<figure id=\"attachment_1227536\" aria-describedby=\"caption-attachment-1227536\" style=\"width: 375px\" class=\"wp-caption alignleft\"><img loading=\"lazy\" decoding=\"async\" class=\"wp-image-1227536 size-medium\" src=\"https:\/\/www.acapulco.press\/wp-content\/uploads\/2021\/05\/bella-y-bestia-1-375x375.jpg\" alt=\"\" width=\"375\" height=\"375\" \/><figcaption id=\"caption-attachment-1227536\" class=\"wp-caption-text\"><strong>PAREJA MON\u00c1RQUICA<\/strong> | Evelyn y su padre, F\u00e9lix Salgado<\/figcaption><\/figure>\n<p style=\"text-align: justify;\">El tambi\u00e9n miembro de la Direcci\u00f3n Colectiva de Organizaciones Sociales, Civiles, Estudiantiles y Sindicatos del Estado de Guerrero (OSCESEG) sostuvo que el repliegue de su organizaci\u00f3n obedece tambi\u00e9n a las ambiciones pol\u00edticas de arribistas, como Jos\u00e9 Luis de la Vega y Jorge Parra Salgado, a quienes los grupos de control de Morena ha privilegiado, habiendo morenistas de anta\u00f1o que merecen ser tomados en cuenta.<\/p>\n<p style=\"text-align: justify;\">Ch\u00e1vez Adema se\u00f1al\u00f3 a F\u00e9lix Salgado Macedonio como el principal divisor de la militancia partidista al permitir que grupos cupulares y ex funcionarios del Gobierno del Estado y el PRI tomen decisiones arbitrarias a nombre del pueblo.<\/p>\n<p style=\"text-align: justify;\">De manera frontal, Ch\u00e1vez Adame denunci\u00f3 que en la campa\u00f1a pol\u00edtica de Evelyn Salgado Pineda existe una \u201cprostituci\u00f3n pol\u00edtica\u201d de muchos personajes que no quieren dejar de robar el erario p\u00fablico que le pertenece a las clases m\u00e1s oprimidas y vulnerables de Guerrero, infringiendo preceptos e idearios democr\u00e1ticos como el \u201cSufragio efectivo, no reelecci\u00f3n\u201d<\/p>\n<p style=\"text-align: justify;\">El l\u00edder la APPG\u00a0 lament\u00f3 que que Morena y F\u00e9lix Salgado Macedonio hayan jugado con los principios de la lucha social, al estarle dando al pueblo m\u00e1s de lo mismo. \u00abNo podemos permitir que la ambici\u00f3n al poder y a cargos de elecci\u00f3n popular est\u00e9n por encima de los intereses que defiende la lucha social\u201d, advirti\u00f3.<\/p>\n<p style=\"text-align: justify;\">Ch\u00e1vez Adame complement\u00f3 con tristeza que la candidatura de la hija de F\u00e9lix Salgado Macedonio \u00abse ha convertido en un circo\u00bb, gracias a ex funcionarios de gobierno como Jos\u00e9 Luis Gonz\u00e1lez de la Vega, quien funge como asesor de la campa\u00f1a de Evelyn, quien est\u00e1 poniendo a gente al servicio del Estado y el PRI a tomar decisiones cruciales en la campa\u00f1a de la candidata de Morena.<\/p>\n<p style=\"text-align: justify;\">\u201cLa lucha social no es un <em>Club de Amigos,<\/em> ni se hereda por los genes o la sangre; cada ser humano construye su propio camino y no depende de otros su reconocimiento, sino del pueblo mismo, que reconoce su valor y trabajo hac\u00eda los m\u00e1s necesitados y vulnerables\u00bb.<\/p>\n<p style=\"text-align: justify;\">\u00abQueremos ser extremadamente categ\u00f3ricos: la derecha no se combate con la derecha, ni se reclutan cascajos para fortalecer las trincheras revolucionarias en las batallas; porque eso nos debilita\u201d, finaliz\u00f3 Ch\u00e1vez Adame.<\/p>\n","protected":false},"excerpt":{"rendered":"<p>* Nicol\u00e1s Ch\u00e1vez Adame, l\u00edder la APPG\u00a0 lament\u00f3 que que Morena y F\u00e9lix Salgado Macedonio hayan jugado con los principios de la lucha social, al estarle dando al pueblo m\u00e1s de lo mismo.\u00a0\u00a0 * La candidatura de la hija de F\u00e9lix Salgado Macedonio \u00abse ha convertido en un circo\u00bb; Morena y F\u00e9lix Salgado siguen dando&#8230;<\/p>\n","protected":false},"author":2,"featured_media":1227530,"comment_status":"closed","ping_status":"closed","sticky":false,"template":"","format":"standard","meta":{"footnotes":""},"categories":[2053,1972],"tags":[8251,12685,13297,13666],"class_list":["post-1227529","post","type-post","status-publish","format-standard","has-post-thumbnail","hentry","category-elecciones-special","category-special","tag-evelyn-salgado-pineda","tag-mario-moreno-arcos","tag-morena","tag-nicolas-chavez-adame"],"_links":{"self":[{"href":"https:\/\/www.acapulcopress.com\/index.php\/wp-json\/wp\/v2\/posts\/1227529","targetHints":{"allow":["GET"]}}],"collection":[{"href":"https:\/\/www.acapulcopress.com\/index.php\/wp-json\/wp\/v2\/posts"}],"about":[{"href":"https:\/\/www.acapulcopress.com\/index.php\/wp-json\/wp\/v2\/types\/post"}],"author":[{"embeddable":true,"href":"https:\/\/www.acapulcopress.com\/index.php\/wp-json\/wp\/v2\/users\/2"}],"replies":[{"embeddable":true,"href":"https:\/\/www.acapulcopress.com\/index.php\/wp-json\/wp\/v2\/comments?post=1227529"}],"version-history":[{"count":0,"href":"https:\/\/www.acapulcopress.com\/index.php\/wp-json\/wp\/v2\/posts\/1227529\/revisions"}],"wp:featuredmedia":[{"embeddable":true,"href":"https:\/\/www.acapulcopress.com\/index.php\/wp-json\/"}],"wp:attachment":[{"href":"https:\/\/www.acapulcopress.com\/index.php\/wp-json\/wp\/v2\/media?parent=1227529"}],"wp:term":[{"taxonomy":"category","embeddable":true,"href":"https:\/\/www.acapulcopress.com\/index.php\/wp-json\/wp\/v2\/categories?post=1227529"},{"taxonomy":"post_tag","embeddable":true,"href":"https:\/\/www.acapulcopress.com\/index.php\/wp-json\/wp\/v2\/tags?post=1227529"}],"curies":[{"name":"wp","href":"https:\/\/api.w.org\/{rel}","templated":true}]}}