{"id":1227561,"date":"2021-05-16T22:30:48","date_gmt":"2021-05-17T03:30:48","guid":{"rendered":"https:\/\/www.acapulco.press\/?p=1227561"},"modified":"2021-05-16T22:30:48","modified_gmt":"2021-05-17T03:30:48","slug":"promete-ricardo-taja-unidad-medica-de-servicios-ampliados-para-la-zona-poniente","status":"publish","type":"post","link":"https:\/\/www.acapulcopress.com\/index.php\/2021\/05\/16\/promete-ricardo-taja-unidad-medica-de-servicios-ampliados-para-la-zona-poniente\/","title":{"rendered":"Promete Ricardo Taja unidad m\u00e9dica de servicios ampliados para la zona poniente"},"content":{"rendered":"<p style=\"text-align: justify;\">] ACAPULCO. &#8216; 16 de mayo de 2021.<br \/>\n) Especial.<\/p>\n<p style=\"text-align: justify;\">La estructura territorial del PRD de la zona poniente, representada por el candidato a Sindico, V\u00edctor Aguirre Alcaide, refrend\u00f3 su compromiso, esfuerzo y dedicaci\u00f3n al candidato de la alianza PRI-PRD, Ricardo Taja Ram\u00edrez, a <img loading=\"lazy\" decoding=\"async\" class=\"alignleft size-medium wp-image-1227570\" src=\"https:\/\/www.acapulco.press\/wp-content\/uploads\/2021\/05\/TAJA-PONIENTE9-375x250.jpeg\" alt=\"\" width=\"375\" height=\"250\" \/>quien consideran la mejor opci\u00f3n para tener el triunfo este 6 de junio.<\/p>\n<p style=\"text-align: justify;\">En un encuentro realizado en la cancha principal de Pie de la Cuesta, Ricardo Taja agradeci\u00f3 a cada uno de los promotores del voto, su cari\u00f1o y apoyo a su proyecto y se comprometi\u00f3 a realizar en la zona poniente de Acapulco una unidad m\u00e9dica de servicios ampliados para que no tengan que trasladarse hasta el centro del puerto para recibir los servicios de atenci\u00f3n a su salud.<\/p>\n<p style=\"text-align: justify;\">Taja Ram\u00edrez pidi\u00f3 la confianza para llegar a ser su <img loading=\"lazy\" decoding=\"async\" class=\"alignleft size-medium wp-image-1227569\" src=\"https:\/\/www.acapulco.press\/wp-content\/uploads\/2021\/05\/TAJA-PONIENTE8-375x281.jpeg\" alt=\"\" width=\"375\" height=\"281\" \/>presidente y reiter\u00f3 su simpat\u00eda de querer ser el mejor amigo del presidente Andr\u00e9s Manuel L\u00f3pez Obrador. \u201cAcapulco nos necesita a todos y si le va bien al presidente L\u00f3pez Obrador, seguro le ir\u00e1 bien a Acapulco, a Guerrero y sin duda a M\u00e9xico\u201d.<\/p>\n<p style=\"text-align: justify;\">El candidato de la coalici\u00f3n Va por M\u00e9xico lament\u00f3 que las autoridades de Morena en Acapulco le hayan fallado a los ciudadanos, por ello reiter\u00f3 su compromiso de no rendirse hasta ver un mejor Acapulco reconstruido. \u201cYo no les voy a fallar, me voy a partir el alma por ustedes, mi compromiso es con las familias de Acapulco\u201d.<\/p>\n<p style=\"text-align: justify;\">Acompa\u00f1ado por las candidatas a diputadas local y federal <img loading=\"lazy\" decoding=\"async\" class=\"alignleft size-medium wp-image-1227566\" src=\"https:\/\/www.acapulco.press\/wp-content\/uploads\/2021\/05\/TAJA-PONIENTE5-375x250.jpeg\" alt=\"\" width=\"375\" height=\"250\" \/>Gabriela Bernal por el distrito 8 y Sheyla Soto por el distrito 4, V\u00edctor Aguirre tom\u00f3 protesta a los promotores a quienes exhort\u00f3 a promover el voto ciudadano con lealtad, compromiso y responsabilidad. Les dijo que Ricardo Taja y Mario Moreno tienen una encomienda importante que es la de luchar por el futuro de los guerrerenses y acapulque\u00f1os.<\/p>\n<p style=\"text-align: justify;\">Finalmente, Taja Ram\u00edrez firm\u00f3 con sus paisanos de aquella zona tur\u00edstica a tener los mejores proyectos para resolver el problema del agua y a construir un polideportivo en aquella zona, as\u00ed como el programa de tortillas gratuitas para los m\u00e1s necesitados.<\/p>\n","protected":false},"excerpt":{"rendered":"<p>] ACAPULCO. &#8216; 16 de mayo de 2021. ) Especial. La estructura territorial del PRD de la zona poniente, representada por el candidato a Sindico, V\u00edctor Aguirre Alcaide, refrend\u00f3 su compromiso, esfuerzo y dedicaci\u00f3n al candidato de la alianza PRI-PRD, Ricardo Taja Ram\u00edrez, a quien consideran la mejor opci\u00f3n para tener el triunfo este 6&#8230;<\/p>\n","protected":false},"author":2,"featured_media":1227565,"comment_status":"closed","ping_status":"closed","sticky":false,"template":"","format":"standard","meta":{"footnotes":""},"categories":[2053,1972],"tags":[5938,14895,15606],"class_list":["post-1227561","post","type-post","status-publish","format-standard","has-post-thumbnail","hentry","category-elecciones-special","category-special","tag-coalicion-pri-prd","tag-presidencia-de-acapulco","tag-ricardo-taja-ramirez"],"_links":{"self":[{"href":"https:\/\/www.acapulcopress.com\/index.php\/wp-json\/wp\/v2\/posts\/1227561","targetHints":{"allow":["GET"]}}],"collection":[{"href":"https:\/\/www.acapulcopress.com\/index.php\/wp-json\/wp\/v2\/posts"}],"about":[{"href":"https:\/\/www.acapulcopress.com\/index.php\/wp-json\/wp\/v2\/types\/post"}],"author":[{"embeddable":true,"href":"https:\/\/www.acapulcopress.com\/index.php\/wp-json\/wp\/v2\/users\/2"}],"replies":[{"embeddable":true,"href":"https:\/\/www.acapulcopress.com\/index.php\/wp-json\/wp\/v2\/comments?post=1227561"}],"version-history":[{"count":0,"href":"https:\/\/www.acapulcopress.com\/index.php\/wp-json\/wp\/v2\/posts\/1227561\/revisions"}],"wp:featuredmedia":[{"embeddable":true,"href":"https:\/\/www.acapulcopress.com\/index.php\/wp-json\/"}],"wp:attachment":[{"href":"https:\/\/www.acapulcopress.com\/index.php\/wp-json\/wp\/v2\/media?parent=1227561"}],"wp:term":[{"taxonomy":"category","embeddable":true,"href":"https:\/\/www.acapulcopress.com\/index.php\/wp-json\/wp\/v2\/categories?post=1227561"},{"taxonomy":"post_tag","embeddable":true,"href":"https:\/\/www.acapulcopress.com\/index.php\/wp-json\/wp\/v2\/tags?post=1227561"}],"curies":[{"name":"wp","href":"https:\/\/api.w.org\/{rel}","templated":true}]}}