{"id":1227575,"date":"2021-04-15T22:36:57","date_gmt":"2021-04-16T03:36:57","guid":{"rendered":"https:\/\/www.acapulco.press\/?p=1227575"},"modified":"2021-04-15T22:36:57","modified_gmt":"2021-04-16T03:36:57","slug":"trabajaremos-en-unidad-y-por-la-institucion-rector-jose-alfredo-romero","status":"publish","type":"post","link":"https:\/\/www.acapulcopress.com\/index.php\/2021\/04\/15\/trabajaremos-en-unidad-y-por-la-institucion-rector-jose-alfredo-romero\/","title":{"rendered":"\u201cTrabajaremos en unidad y por la instituci\u00f3n\u201d | Rector Jos\u00e9 Alfredo Romero"},"content":{"rendered":"<p style=\"text-align: justify;\">] CHILPANCINGO. &#8216; 15 de abril de 2021.<br \/>\n<em>) UAGro.<\/em><\/p>\n<p style=\"text-align: justify;\">Este jueves, el rector de la Universidad Aut\u00f3noma de Guerrero, Jos\u00e9 Alfredo Romero Olea tom\u00f3 protesta a los directores generales y jefes de \u00e1rea de la Coordinaci\u00f3n General de Infraestructura y la Coordinaci\u00f3n General de Cooperaci\u00f3n y Vinculaci\u00f3n.<\/p>\n<p style=\"text-align: justify;\">En su mensaje, Romero Olea reiter\u00f3 que en este periodo de transici\u00f3n, trabajar\u00e1 en unidad para \u201cfortalecer a la UAGro\u201d y se\u00f1al\u00f3 que requiere el apoyo y compromiso de los universitarios para cumplir con las funciones institucionales.<\/p>\n<p style=\"text-align: justify;\">\u201cYo les pido que en este tramo de tiempo sigan poniendo su mayor esfuerzo, que trabajemos juntos y en unidad para seguir engrandeciendo a nuestra instituci\u00f3n\u201d, afirm\u00f3.<\/p>\n<p style=\"text-align: justify;\">Durante la toma de protesta de la Coordinaci\u00f3n General de Infraestructura, el rector de la m\u00e1xima casa de estudios reconoci\u00f3 la labor del Dr, Javier Salda\u00f1a Almaz\u00e1n para cambiar la imagen de la UAGro y que en muy poco tiempo, \u201cel Dr. Salda\u00f1a logr\u00f3 concretar avances importantes en materia de infraestructura\u201d.<\/p>\n<p style=\"text-align: justify;\">Dijo que en muchos municipios, la Aut\u00f3noma de Guerrero \u201cno contaba con infraestructura adecuada\u201d pero con el esfuerzo del Dr. Javier Salda\u00f1a Almaz\u00e1n se cambi\u00f3: \u201cno ha habido ning\u00fan precedente o rectorado donde se hayan consolidado avances tan importantes en infraestructura y en muchos \u00e1mbitos m\u00e1s\u201d.<\/p>\n<p style=\"text-align: justify;\">El rector Romero Olea tambi\u00e9n reconoci\u00f3 el esfuerzo de la Coordinaci\u00f3n General de Infraestructura que \u201chan trabajado de manera profesional y con mucho amor hacia la instituci\u00f3n, hoy los guerrerenses reconocen a la UAGro por sus avances en materia de infraestructura\u201d.<\/p>\n<p style=\"text-align: justify;\">\n<p><img loading=\"lazy\" decoding=\"async\" class=\"alignnone wp-image-1227577 size-large\" src=\"https:\/\/www.acapulco.press\/wp-content\/uploads\/2021\/05\/TOR-UNIDAD2-840x569.jpg\" alt=\"\" width=\"840\" height=\"569\" \/><br \/>\n<img loading=\"lazy\" decoding=\"async\" class=\"alignnone wp-image-1227578 size-large\" src=\"https:\/\/www.acapulco.press\/wp-content\/uploads\/2021\/05\/TOR-UNIDAD3-840x564.jpg\" alt=\"\" width=\"840\" height=\"564\" \/><\/p>\n","protected":false},"excerpt":{"rendered":"<p>] CHILPANCINGO. &#8216; 15 de abril de 2021. ) UAGro. Este jueves, el rector de la Universidad Aut\u00f3noma de Guerrero, Jos\u00e9 Alfredo Romero Olea tom\u00f3 protesta a los directores generales y jefes de \u00e1rea de la Coordinaci\u00f3n General de Infraestructura y la Coordinaci\u00f3n General de Cooperaci\u00f3n y Vinculaci\u00f3n. En su mensaje, Romero Olea reiter\u00f3 que&#8230;<\/p>\n","protected":false},"author":2,"featured_media":1227576,"comment_status":"closed","ping_status":"closed","sticky":false,"template":"","format":"standard","meta":{"footnotes":""},"categories":[18561,2016],"tags":[6705,10980,17463,17610],"class_list":["post-1227575","post","type-post","status-publish","format-standard","has-post-thumbnail","hentry","category-society-politics","category-uagro-society-politics","tag-covid19","tag-jose-alfredo-romero-olea","tag-uagro","tag-universidad-autonoma-de-guerrero-uagro"],"_links":{"self":[{"href":"https:\/\/www.acapulcopress.com\/index.php\/wp-json\/wp\/v2\/posts\/1227575","targetHints":{"allow":["GET"]}}],"collection":[{"href":"https:\/\/www.acapulcopress.com\/index.php\/wp-json\/wp\/v2\/posts"}],"about":[{"href":"https:\/\/www.acapulcopress.com\/index.php\/wp-json\/wp\/v2\/types\/post"}],"author":[{"embeddable":true,"href":"https:\/\/www.acapulcopress.com\/index.php\/wp-json\/wp\/v2\/users\/2"}],"replies":[{"embeddable":true,"href":"https:\/\/www.acapulcopress.com\/index.php\/wp-json\/wp\/v2\/comments?post=1227575"}],"version-history":[{"count":0,"href":"https:\/\/www.acapulcopress.com\/index.php\/wp-json\/wp\/v2\/posts\/1227575\/revisions"}],"wp:featuredmedia":[{"embeddable":true,"href":"https:\/\/www.acapulcopress.com\/index.php\/wp-json\/"}],"wp:attachment":[{"href":"https:\/\/www.acapulcopress.com\/index.php\/wp-json\/wp\/v2\/media?parent=1227575"}],"wp:term":[{"taxonomy":"category","embeddable":true,"href":"https:\/\/www.acapulcopress.com\/index.php\/wp-json\/wp\/v2\/categories?post=1227575"},{"taxonomy":"post_tag","embeddable":true,"href":"https:\/\/www.acapulcopress.com\/index.php\/wp-json\/wp\/v2\/tags?post=1227575"}],"curies":[{"name":"wp","href":"https:\/\/api.w.org\/{rel}","templated":true}]}}