{"id":1227583,"date":"2021-04-13T22:45:23","date_gmt":"2021-04-14T03:45:23","guid":{"rendered":"https:\/\/www.acapulco.press\/?p=1227583"},"modified":"2021-04-13T22:45:23","modified_gmt":"2021-04-14T03:45:23","slug":"toma-protesta-rector-a-directores-y-jefes-de-areas-de-uagro","status":"publish","type":"post","link":"https:\/\/www.acapulcopress.com\/index.php\/2021\/04\/13\/toma-protesta-rector-a-directores-y-jefes-de-areas-de-uagro\/","title":{"rendered":"Toma protesta rector a directores y jefes de \u00e1reas de UAGro"},"content":{"rendered":"<p>] CHILPANCINGO. &#8216; 13 de abril de 2021.<br \/>\n<em>) UAGro.<\/em><\/p>\n<p style=\"text-align: justify;\">El rector de la Universidad Aut\u00f3noma de Guerrero, Jos\u00e9 Alfredo Romero Olea tom\u00f3 protesta a los coordinadores generales y jefes de \u00e1rea de la Direcci\u00f3n General de Posgrado e Investigaci\u00f3n as\u00ed como la Direcci\u00f3n General de Atenci\u00f3n a Estudiantes y Gesti\u00f3n Escolar a quienes ratific\u00f3 \u201ccompromiso y esfuerzo para mantener la estabilidad de la UAGro\u201d.<\/p>\n<p><img loading=\"lazy\" decoding=\"async\" class=\"alignnone wp-image-1227584 size-large\" src=\"https:\/\/www.acapulco.press\/wp-content\/uploads\/2021\/05\/UAGRO-DIRECTORES-DE-AREA-840x560.jpg\" alt=\"\" width=\"840\" height=\"560\" \/><\/p>\n","protected":false},"excerpt":{"rendered":"<p>] CHILPANCINGO. &#8216; 13 de abril de 2021. ) UAGro. El rector de la Universidad Aut\u00f3noma de Guerrero, Jos\u00e9 Alfredo Romero Olea tom\u00f3 protesta a los coordinadores generales y jefes de \u00e1rea de la Direcci\u00f3n General de Posgrado e Investigaci\u00f3n as\u00ed como la Direcci\u00f3n General de Atenci\u00f3n a Estudiantes y Gesti\u00f3n Escolar a quienes ratific\u00f3&#8230;<\/p>\n","protected":false},"author":2,"featured_media":1227585,"comment_status":"closed","ping_status":"closed","sticky":false,"template":"","format":"standard","meta":{"footnotes":""},"categories":[2019],"tags":[6705,10980,17463,17610],"class_list":["post-1227583","post","type-post","status-publish","format-standard","has-post-thumbnail","hentry","category-popular-news","tag-covid19","tag-jose-alfredo-romero-olea","tag-uagro","tag-universidad-autonoma-de-guerrero-uagro"],"_links":{"self":[{"href":"https:\/\/www.acapulcopress.com\/index.php\/wp-json\/wp\/v2\/posts\/1227583","targetHints":{"allow":["GET"]}}],"collection":[{"href":"https:\/\/www.acapulcopress.com\/index.php\/wp-json\/wp\/v2\/posts"}],"about":[{"href":"https:\/\/www.acapulcopress.com\/index.php\/wp-json\/wp\/v2\/types\/post"}],"author":[{"embeddable":true,"href":"https:\/\/www.acapulcopress.com\/index.php\/wp-json\/wp\/v2\/users\/2"}],"replies":[{"embeddable":true,"href":"https:\/\/www.acapulcopress.com\/index.php\/wp-json\/wp\/v2\/comments?post=1227583"}],"version-history":[{"count":0,"href":"https:\/\/www.acapulcopress.com\/index.php\/wp-json\/wp\/v2\/posts\/1227583\/revisions"}],"wp:featuredmedia":[{"embeddable":true,"href":"https:\/\/www.acapulcopress.com\/index.php\/wp-json\/"}],"wp:attachment":[{"href":"https:\/\/www.acapulcopress.com\/index.php\/wp-json\/wp\/v2\/media?parent=1227583"}],"wp:term":[{"taxonomy":"category","embeddable":true,"href":"https:\/\/www.acapulcopress.com\/index.php\/wp-json\/wp\/v2\/categories?post=1227583"},{"taxonomy":"post_tag","embeddable":true,"href":"https:\/\/www.acapulcopress.com\/index.php\/wp-json\/wp\/v2\/tags?post=1227583"}],"curies":[{"name":"wp","href":"https:\/\/api.w.org\/{rel}","templated":true}]}}