{"id":1227590,"date":"2021-04-26T22:57:48","date_gmt":"2021-04-27T03:57:48","guid":{"rendered":"https:\/\/www.acapulco.press\/?p=1227590"},"modified":"2021-04-26T22:57:48","modified_gmt":"2021-04-27T03:57:48","slug":"uagro-exhorta-a-maestros-universitarios-acudir-a-aplicacion-de-vacuna-anticovid","status":"publish","type":"post","link":"https:\/\/www.acapulcopress.com\/index.php\/2021\/04\/26\/uagro-exhorta-a-maestros-universitarios-acudir-a-aplicacion-de-vacuna-anticovid\/","title":{"rendered":"UAGro exhorta a maestros universitarios acudir a aplicaci\u00f3n de vacuna antiCovid"},"content":{"rendered":"<p>] CHILPANCINGO. &#8216; 26 de abril de 2021.<br \/>\n) UAGro.<\/p>\n<p style=\"text-align: justify;\">A trav\u00e9s de un comunicado firmado por el rector Jos\u00e9 Alfredo Romero Olea, la Universidad Aut\u00f3noma de Guerrero, convoc\u00f3 a todos los trabajadores de la UAGro a acudir a la aplicaci\u00f3n de la dosis de la vacuna anti-covid en est\u00e1 nueva etapa de vacunaci\u00f3n.<\/p>\n<p style=\"text-align: justify;\">A quienes ya recibieron la segunda dosis por la edad de 60 a\u00f1os se les pidi\u00f3 ya no acudir a los m\u00f3dulos en est\u00e1 ocasi\u00f3n. Tambi\u00e9n\u00a0se pidi\u00f3 que todos los empleados de las \u00e1reas administrativas, intendencia y acad\u00e9mica mayores de 18 a\u00f1os, acudan a aplicarse la vacuna como lo ha establecido el Programa Nacional de Vacunaci\u00f3n.<\/p>\n","protected":false},"excerpt":{"rendered":"<p>] CHILPANCINGO. &#8216; 26 de abril de 2021. ) UAGro. A trav\u00e9s de un comunicado firmado por el rector Jos\u00e9 Alfredo Romero Olea, la Universidad Aut\u00f3noma de Guerrero, convoc\u00f3 a todos los trabajadores de la UAGro a acudir a la aplicaci\u00f3n de la dosis de la vacuna anti-covid en est\u00e1 nueva etapa de vacunaci\u00f3n. A&#8230;<\/p>\n","protected":false},"author":2,"featured_media":1221721,"comment_status":"closed","ping_status":"closed","sticky":false,"template":"","format":"standard","meta":{"footnotes":""},"categories":[18561,2016],"tags":[6705,10980,17463,17610],"class_list":["post-1227590","post","type-post","status-publish","format-standard","has-post-thumbnail","hentry","category-society-politics","category-uagro-society-politics","tag-covid19","tag-jose-alfredo-romero-olea","tag-uagro","tag-universidad-autonoma-de-guerrero-uagro"],"_links":{"self":[{"href":"https:\/\/www.acapulcopress.com\/index.php\/wp-json\/wp\/v2\/posts\/1227590","targetHints":{"allow":["GET"]}}],"collection":[{"href":"https:\/\/www.acapulcopress.com\/index.php\/wp-json\/wp\/v2\/posts"}],"about":[{"href":"https:\/\/www.acapulcopress.com\/index.php\/wp-json\/wp\/v2\/types\/post"}],"author":[{"embeddable":true,"href":"https:\/\/www.acapulcopress.com\/index.php\/wp-json\/wp\/v2\/users\/2"}],"replies":[{"embeddable":true,"href":"https:\/\/www.acapulcopress.com\/index.php\/wp-json\/wp\/v2\/comments?post=1227590"}],"version-history":[{"count":0,"href":"https:\/\/www.acapulcopress.com\/index.php\/wp-json\/wp\/v2\/posts\/1227590\/revisions"}],"wp:featuredmedia":[{"embeddable":true,"href":"https:\/\/www.acapulcopress.com\/index.php\/wp-json\/"}],"wp:attachment":[{"href":"https:\/\/www.acapulcopress.com\/index.php\/wp-json\/wp\/v2\/media?parent=1227590"}],"wp:term":[{"taxonomy":"category","embeddable":true,"href":"https:\/\/www.acapulcopress.com\/index.php\/wp-json\/wp\/v2\/categories?post=1227590"},{"taxonomy":"post_tag","embeddable":true,"href":"https:\/\/www.acapulcopress.com\/index.php\/wp-json\/wp\/v2\/tags?post=1227590"}],"curies":[{"name":"wp","href":"https:\/\/api.w.org\/{rel}","templated":true}]}}