{"id":1227596,"date":"2021-04-26T23:07:22","date_gmt":"2021-04-27T04:07:22","guid":{"rendered":"https:\/\/www.acapulco.press\/?p=1227596"},"modified":"2021-04-26T23:07:22","modified_gmt":"2021-04-27T04:07:22","slug":"uagro-y-congreso-realizan-curso-abierto-sobre-funcion-legislativa","status":"publish","type":"post","link":"https:\/\/www.acapulcopress.com\/index.php\/2021\/04\/26\/uagro-y-congreso-realizan-curso-abierto-sobre-funcion-legislativa\/","title":{"rendered":"UAGro y Congreso realizan curso abierto sobre funci\u00f3n legislativa"},"content":{"rendered":"<p style=\"text-align: justify;\">] CHILPANCINGO. &#8216; 26 de abril de 2021.<br \/>\n) UAGro.<\/p>\n<p style=\"text-align: justify;\">Este lunes, el Poder Legislativo, en coordinaci\u00f3n con la Universidad Aut\u00f3noma de Guerrero (UAGro), llevaron a cabo la primera sesi\u00f3n del curso denominado \u201cQu\u00e9 es y cu\u00e1les son las funciones del Congreso del Estado de Guerrero\u201d.<\/p>\n<p style=\"text-align: justify;\">Al dar el mensaje de bienvenida a los participantes, el presidente de la Comisi\u00f3n de Educaci\u00f3n, Ciencia y Tecnolog\u00eda del Congreso, Ricardo Castillo Pe\u00f1a, celebr\u00f3 el esfuerzo de coordinaci\u00f3n entre las instituciones para poder impartir dicho curso, mismo que ser\u00e1 de gran utilidad para los estudiosos del Derecho y ciudadan\u00eda en general.<\/p>\n<p style=\"text-align: justify;\">Castillo Pe\u00f1a agreg\u00f3 que fomentar el conocimiento enaltece tanto al Poder Legislativo como a la M\u00e1xima Casa de Estudios.<\/p>\n<p style=\"text-align: justify;\">Por su parte, la diputada Zoraida Abril Cruz Tenorio, integrante de la Junta de Coordinaci\u00f3n Pol\u00edtica, extern\u00f3 que esta actividad llevada a cabo en uni\u00f3n con la Facultad de Derecho puede convertirse en un diplomado, con el objeto de ampliar el conocimiento de los ciudadanos sobre las m\u00faltiples tareas y responsabilidades de la C\u00e1mara de Diputados.<\/p>\n<p style=\"text-align: justify;\">Mencion\u00f3 que es inter\u00e9s del mismo presidente de la Junta de Coordinaci\u00f3n Pol\u00edtica, Alfredo S\u00e1nchez Esquivel, que estos cursos se celebren con todas las universidades y escuelas de diferentes niveles educativos del estado, con el objetivo de acercar el Congreso a los ciudadanos.<\/p>\n<p style=\"text-align: justify;\">Este curso es dirigido a estudiantes, acad\u00e9micos, egresados de la UAGro y p\u00fablico en general para que conozcan c\u00f3mo se desarrollan las actividades legislativas, las facultades del Congreso y c\u00f3mo se procesan las iniciativas y exhortos presentados por las y los diputados. El mismo constar\u00e1 de tres m\u00f3dulos, a desarrollarse los d\u00edas 26 de abril, 3 y 11 de mayo.<\/p>\n<p style=\"text-align: justify;\">Participaron tambi\u00e9n en el evento el secretario general de la UAGro, Armando Guzm\u00e1n Zavala; el director de la Facultad de Derecho, Tonatiuh Astudillo M\u00e9ndez, y titulares de las \u00e1reas t\u00e9cnicas del Congreso.<\/p>\n<p><img loading=\"lazy\" decoding=\"async\" class=\"alignnone wp-image-1227598 size-large\" src=\"https:\/\/www.acapulco.press\/wp-content\/uploads\/2021\/05\/UAGRO-FUNCION-PUBLICA2-840x402.jpeg\" alt=\"\" width=\"840\" height=\"402\" \/><\/p>\n","protected":false},"excerpt":{"rendered":"<p>] CHILPANCINGO. &#8216; 26 de abril de 2021. ) UAGro. Este lunes, el Poder Legislativo, en coordinaci\u00f3n con la Universidad Aut\u00f3noma de Guerrero (UAGro), llevaron a cabo la primera sesi\u00f3n del curso denominado \u201cQu\u00e9 es y cu\u00e1les son las funciones del Congreso del Estado de Guerrero\u201d. Al dar el mensaje de bienvenida a los participantes,&#8230;<\/p>\n","protected":false},"author":2,"featured_media":1227597,"comment_status":"closed","ping_status":"closed","sticky":false,"template":"","format":"standard","meta":{"footnotes":""},"categories":[18561,2016],"tags":[6705,10980,17463,17610],"class_list":["post-1227596","post","type-post","status-publish","format-standard","has-post-thumbnail","hentry","category-society-politics","category-uagro-society-politics","tag-covid19","tag-jose-alfredo-romero-olea","tag-uagro","tag-universidad-autonoma-de-guerrero-uagro"],"_links":{"self":[{"href":"https:\/\/www.acapulcopress.com\/index.php\/wp-json\/wp\/v2\/posts\/1227596","targetHints":{"allow":["GET"]}}],"collection":[{"href":"https:\/\/www.acapulcopress.com\/index.php\/wp-json\/wp\/v2\/posts"}],"about":[{"href":"https:\/\/www.acapulcopress.com\/index.php\/wp-json\/wp\/v2\/types\/post"}],"author":[{"embeddable":true,"href":"https:\/\/www.acapulcopress.com\/index.php\/wp-json\/wp\/v2\/users\/2"}],"replies":[{"embeddable":true,"href":"https:\/\/www.acapulcopress.com\/index.php\/wp-json\/wp\/v2\/comments?post=1227596"}],"version-history":[{"count":0,"href":"https:\/\/www.acapulcopress.com\/index.php\/wp-json\/wp\/v2\/posts\/1227596\/revisions"}],"wp:featuredmedia":[{"embeddable":true,"href":"https:\/\/www.acapulcopress.com\/index.php\/wp-json\/"}],"wp:attachment":[{"href":"https:\/\/www.acapulcopress.com\/index.php\/wp-json\/wp\/v2\/media?parent=1227596"}],"wp:term":[{"taxonomy":"category","embeddable":true,"href":"https:\/\/www.acapulcopress.com\/index.php\/wp-json\/wp\/v2\/categories?post=1227596"},{"taxonomy":"post_tag","embeddable":true,"href":"https:\/\/www.acapulcopress.com\/index.php\/wp-json\/wp\/v2\/tags?post=1227596"}],"curies":[{"name":"wp","href":"https:\/\/api.w.org\/{rel}","templated":true}]}}