{"id":1227603,"date":"2021-04-29T23:18:09","date_gmt":"2021-04-30T04:18:09","guid":{"rendered":"https:\/\/www.acapulco.press\/?p=1227603"},"modified":"2021-04-29T23:18:09","modified_gmt":"2021-04-30T04:18:09","slug":"toma-protesta-nueva-directora-general-de-extension-universitaria","status":"publish","type":"post","link":"https:\/\/www.acapulcopress.com\/index.php\/2021\/04\/29\/toma-protesta-nueva-directora-general-de-extension-universitaria\/","title":{"rendered":"Toma protesta nueva directora general de Extensi\u00f3n Universitaria"},"content":{"rendered":"<p style=\"text-align: justify;\">] CHILPANCINGO. &#8216; 29 de abril de 2021.<br \/>\n<em>) UAGro.<\/em><\/p>\n<p style=\"text-align: justify;\">El rector la Universidad Aut\u00f3noma de Guerrero (UAGro), Jos\u00e9 Alfredo Romero Olea, tom\u00f3 protesta a la directora General de Extensi\u00f3n Universitaria, Zenaida Cuenca Figueroa.<\/p>\n<p style=\"text-align: justify;\">El rector de la m\u00e1xima casa de estudios reconoci\u00f3 el buen trabajo que ha venido realizando la Dra. Zenaida Cuenca Figueroa; tiene la experiencia para estar al frente de Extensi\u00f3n Universitaria, no es una persona ajena a las actividades que se realiza, sabemos que lo har\u00e1 con mucho profesionalismo en favor de la instituci\u00f3n.<\/p>\n<p style=\"text-align: justify;\">Por su parte, el secretario General de la UAGro, Armando Guzm\u00e1n Zavala, reconoci\u00f3 el gran trabajo que se hace en la Direcci\u00f3n General de Extensi\u00f3n Universitaria con las direcciones, departamentos, cl\u00ednicas universitaria, la Estancia Infantil \u201cBenita Galeana\u201d; as\u00ed como con los grupos culturales de la universidad.<\/p>\n<p style=\"text-align: justify;\">En su mensaje, Zenaida Cuenca Figueroa, exhort\u00f3 a todas y todos sus compa\u00f1eros trabajar unidos con \u00e9tica y profesionalismo que siempre lo han destituido como extensionistas para sacar adelante los trabajos en el arte y la cultura.<\/p>\n","protected":false},"excerpt":{"rendered":"<p>] CHILPANCINGO. &#8216; 29 de abril de 2021. ) UAGro. El rector la Universidad Aut\u00f3noma de Guerrero (UAGro), Jos\u00e9 Alfredo Romero Olea, tom\u00f3 protesta a la directora General de Extensi\u00f3n Universitaria, Zenaida Cuenca Figueroa. El rector de la m\u00e1xima casa de estudios reconoci\u00f3 el buen trabajo que ha venido realizando la Dra. Zenaida Cuenca Figueroa;&#8230;<\/p>\n","protected":false},"author":2,"featured_media":1227604,"comment_status":"closed","ping_status":"closed","sticky":false,"template":"","format":"standard","meta":{"footnotes":""},"categories":[18561,2016],"tags":[4137,6705,10980,17463,17610,18308],"class_list":["post-1227603","post","type-post","status-publish","format-standard","has-post-thumbnail","hentry","category-society-politics","category-uagro-society-politics","tag-armando-guzman-zavala","tag-covid19","tag-jose-alfredo-romero-olea","tag-uagro","tag-universidad-autonoma-de-guerrero-uagro","tag-zenaida-cuenca-figueroa"],"_links":{"self":[{"href":"https:\/\/www.acapulcopress.com\/index.php\/wp-json\/wp\/v2\/posts\/1227603","targetHints":{"allow":["GET"]}}],"collection":[{"href":"https:\/\/www.acapulcopress.com\/index.php\/wp-json\/wp\/v2\/posts"}],"about":[{"href":"https:\/\/www.acapulcopress.com\/index.php\/wp-json\/wp\/v2\/types\/post"}],"author":[{"embeddable":true,"href":"https:\/\/www.acapulcopress.com\/index.php\/wp-json\/wp\/v2\/users\/2"}],"replies":[{"embeddable":true,"href":"https:\/\/www.acapulcopress.com\/index.php\/wp-json\/wp\/v2\/comments?post=1227603"}],"version-history":[{"count":0,"href":"https:\/\/www.acapulcopress.com\/index.php\/wp-json\/wp\/v2\/posts\/1227603\/revisions"}],"wp:featuredmedia":[{"embeddable":true,"href":"https:\/\/www.acapulcopress.com\/index.php\/wp-json\/"}],"wp:attachment":[{"href":"https:\/\/www.acapulcopress.com\/index.php\/wp-json\/wp\/v2\/media?parent=1227603"}],"wp:term":[{"taxonomy":"category","embeddable":true,"href":"https:\/\/www.acapulcopress.com\/index.php\/wp-json\/wp\/v2\/categories?post=1227603"},{"taxonomy":"post_tag","embeddable":true,"href":"https:\/\/www.acapulcopress.com\/index.php\/wp-json\/wp\/v2\/tags?post=1227603"}],"curies":[{"name":"wp","href":"https:\/\/api.w.org\/{rel}","templated":true}]}}