{"id":1227630,"date":"2021-05-17T00:22:43","date_gmt":"2021-05-17T05:22:43","guid":{"rendered":"https:\/\/www.acapulco.press\/?p=1227630"},"modified":"2021-05-17T00:22:43","modified_gmt":"2021-05-17T05:22:43","slug":"angel-irra-en-el-umbral-de-la-definicion","status":"publish","type":"post","link":"https:\/\/www.acapulcopress.com\/index.php\/2021\/05\/17\/angel-irra-en-el-umbral-de-la-definicion\/","title":{"rendered":"\u00c1ngel Irra | En el umbral de la definici\u00f3n"},"content":{"rendered":"<p style=\"text-align: justify;\">Un Rapid\u00edn<br \/>\n] Con<strong> \u00c1ngel Irra Carceda<\/strong><br \/>\n<em>\u00bb angelirracar@hotmail.com.<\/em><\/p>\n<p style=\"text-align: justify;\"><img loading=\"lazy\" decoding=\"async\" class=\"alignleft size-medium wp-image-1227632\" src=\"https:\/\/www.acapulco.press\/wp-content\/uploads\/2021\/05\/priprd-375x250.jpg\" alt=\"\" width=\"375\" height=\"250\" \/>Ya solo son 21 d\u00edas, a partir de este domingo, para la hist\u00f3rica elecci\u00f3n del 6 de junio pr\u00f3ximo.<\/p>\n<p style=\"text-align: justify;\">El escenario para la elecci\u00f3n para gobernador cambi\u00f3 radicalmente. Al principio Morena se perfilaba a la victoria, pero con una campa\u00f1a intensa por todo el estado la Alianza PRI-PRD avanz\u00f3 considerablemente con su candidato Mario Moreno Arcos.<\/p>\n<p style=\"text-align: justify;\">Tanto, que ya est\u00e1n en el umbral de la victoria, con sus estructuras muy bien afinadas, porque en su traves\u00eda de proselitismo tambi\u00e9n tuvieron mucha atenci\u00f3n en aceitarlas.<\/p>\n<p style=\"text-align: justify;\">En cambio, desde un muy particular punto de vista, no he visto a la oposici\u00f3n, en especial a Morena, \u201cpeinar\u201d el estado como lo ha hecho la Alianza PRI-PRD.<img loading=\"lazy\" decoding=\"async\" class=\"alignleft size-medium wp-image-1227633\" src=\"https:\/\/www.acapulco.press\/wp-content\/uploads\/2021\/05\/pris-375x250.jpg\" alt=\"\" width=\"375\" height=\"250\" \/><\/p>\n<p style=\"text-align: justify;\">Por citar algunos casos, sus candidatos a las alcald\u00edas y diputaciones en Acapulco, Chilpancingo y otras regiones como la Norte, se \u201carroparon\u201d, hicieron equipo, y le garantizan ya una buena suma de votos a Mario Moreno Arcos.<br \/>\nPor ejemplo, en Acapulco, Ricardo Taja y Ricardo Astudillo Calvo y otros candidatos; en Chilpancingo, Alejandro Arcos Catal\u00e1n, Beatriz V\u00e9lez N\u00fa\u00f1ez, Fernando Calixto y C\u00e9sar Armenta Adame, lo han hecho as\u00ed.<\/p>\n<p style=\"text-align: justify;\">Ni se diga en la zona Norte, donde H\u00e9ctor Vicario Castrej\u00f3n, candidato al Congreso local por el distrito 23, jala la carreta en Huitzuco, Iguala, Tepecoacuilco, Atenango del R\u00edo y Copalillo.<\/p>\n<p style=\"text-align: justify;\">Ya estamos en la recta final. Ha quedado claro que entre los principales contendientes, unos le apostaron a la marca (Morena) y los otros al trabajo intenso de campa\u00f1a por todo el estado.<\/p>\n","protected":false},"excerpt":{"rendered":"<p>Un Rapid\u00edn ] Con \u00c1ngel Irra Carceda \u00bb angelirracar@hotmail.com. Ya solo son 21 d\u00edas, a partir de este domingo, para la hist\u00f3rica elecci\u00f3n del 6 de junio pr\u00f3ximo. El escenario para la elecci\u00f3n para gobernador cambi\u00f3 radicalmente. Al principio Morena se perfilaba a la victoria, pero con una campa\u00f1a intensa por todo el estado la&#8230;<\/p>\n","protected":false},"author":2,"featured_media":1227631,"comment_status":"closed","ping_status":"closed","sticky":false,"template":"","format":"standard","meta":{"footnotes":""},"categories":[2071,1991],"tags":[3938,12685,17511],"class_list":["post-1227630","post","type-post","status-publish","format-standard","has-post-thumbnail","hentry","category-opinion-analisis-columnas","category-libertad-de-expresion","tag-angel-irra-carceda","tag-mario-moreno-arcos","tag-un-rapidin"],"_links":{"self":[{"href":"https:\/\/www.acapulcopress.com\/index.php\/wp-json\/wp\/v2\/posts\/1227630","targetHints":{"allow":["GET"]}}],"collection":[{"href":"https:\/\/www.acapulcopress.com\/index.php\/wp-json\/wp\/v2\/posts"}],"about":[{"href":"https:\/\/www.acapulcopress.com\/index.php\/wp-json\/wp\/v2\/types\/post"}],"author":[{"embeddable":true,"href":"https:\/\/www.acapulcopress.com\/index.php\/wp-json\/wp\/v2\/users\/2"}],"replies":[{"embeddable":true,"href":"https:\/\/www.acapulcopress.com\/index.php\/wp-json\/wp\/v2\/comments?post=1227630"}],"version-history":[{"count":0,"href":"https:\/\/www.acapulcopress.com\/index.php\/wp-json\/wp\/v2\/posts\/1227630\/revisions"}],"wp:featuredmedia":[{"embeddable":true,"href":"https:\/\/www.acapulcopress.com\/index.php\/wp-json\/"}],"wp:attachment":[{"href":"https:\/\/www.acapulcopress.com\/index.php\/wp-json\/wp\/v2\/media?parent=1227630"}],"wp:term":[{"taxonomy":"category","embeddable":true,"href":"https:\/\/www.acapulcopress.com\/index.php\/wp-json\/wp\/v2\/categories?post=1227630"},{"taxonomy":"post_tag","embeddable":true,"href":"https:\/\/www.acapulcopress.com\/index.php\/wp-json\/wp\/v2\/tags?post=1227630"}],"curies":[{"name":"wp","href":"https:\/\/api.w.org\/{rel}","templated":true}]}}