{"id":1227650,"date":"2021-05-17T19:56:02","date_gmt":"2021-05-18T00:56:02","guid":{"rendered":"https:\/\/www.acapulco.press\/?p=1227650"},"modified":"2021-05-17T19:56:02","modified_gmt":"2021-05-18T00:56:02","slug":"la-experiencia-no-importa-basta-cons-no-mentir-no-robar-y-no-traicionar-asegura-evelyn-salgado","status":"publish","type":"post","link":"https:\/\/www.acapulcopress.com\/index.php\/2021\/05\/17\/la-experiencia-no-importa-basta-cons-no-mentir-no-robar-y-no-traicionar-asegura-evelyn-salgado\/","title":{"rendered":"La experiencia no importa; basta con \u00abno mentir, no robar y no traicionar\u00bb, asegura Evelyn Salgado"},"content":{"rendered":"<p style=\"text-align: justify;\"><em><strong>* \u00abNo puede haber un Guerrero rico con un pueblo pobre\u00bb, dice la candidata de Morena a gobernadora de Guerrero, parafraseando la frase correcta de AMLO: \u00abno puede haber gobierno rico con pueblo pobre\u00bb.\u00a0<\/strong><\/em><br \/>\n<em>* En Guerrero se enarbolar\u00e1n los \u00b4principios de la Cuarta Transformaci\u00f3n y los preceptos de gobierno del Presidente L\u00f3pez Obrador, como &#8216;no mentir, no robar, no traicionar&#8217; y pacificar al Estado sin la f\u00f3rmula de echarle m\u00e1s fuego al fuego, anuncia Evelyn Salgado.<\/em><br \/>\n<em><strong>* La experiencia no es necesaria para gobernar; es suficiente con &#8216;no mentir, no robar, no traicionar&#8217; y &#8216; poner toda el alma, el coraz\u00f3n y la voluntad pol\u00edtica&#8217; y &#8216;rodearse de un equipo experimentado&#8217;, sostiene la hija de F\u00e9lix Salgado.<br \/>\n<\/strong>* F\u00e9lix Salgado no es un violador, es un luchador social; mientras no haya una sentencia o papel escrito que acredite sus delitos, \u00a1nadie puede tachar a mi padre como tal!, advierte Evelyn.<br \/>\n<\/em><strong>* No soy &#8216;Juanita&#8217;, mi padre no va a gobernar por mi; tampoco decide por mi y no me acompa\u00f1a a todos mis eventos porque no puede estar en todos, sostiene la candidata de Morena, a quien todos los d\u00edas se le ve acompa\u00f1ada de su padre, quien es el que habla mayormente por ella y trasmite desde su cuenta de Facebook cada acto de campa\u00f1a de su hija.<\/strong><br \/>\n<em>* La campa\u00f1a de Evelyn Salgado no es campa\u00f1a, es un \u00abmovimiento\u00bb para enaltecer el \u00abmovimiento social de F\u00e9lix Salgado\u00bb y explicarle al pueblo la analog\u00eda del grito de batalla &#8216;#haytoro&#8217;, lo que explica la falta de propuestas y proyectos sustentables en beneficio de Guerrero y los guerrerenses, seg\u00fan el contenido de la entrevista con Adela Micha.<\/em><\/p>\n<p style=\"text-align: justify;\">\u00c1ngel<strong> Blanco<\/strong><br \/>\n] ACAPULCO, Gro. * 17 de mayo de 2021<br \/>\n<em>) Acapulco.press.<\/em><\/p>\n<p style=\"text-align: justify;\">Para Evelyn Salgado Pineda, candidata de Morena al gobierno de Guerrero, la experiencia no cuenta, basta con &#8216;no mentir, no robar, no traicionar&#8217; y &#8216; poner toda el alma, el coraz\u00f3n y la voluntad pol\u00edtica&#8217; y &#8216;rodearse de un equipo <img loading=\"lazy\" decoding=\"async\" class=\"alignleft size-medium wp-image-1227651\" src=\"https:\/\/www.acapulco.press\/wp-content\/uploads\/2021\/05\/evelyn-y-adela-micha-375x197.png\" alt=\"\" width=\"375\" height=\"197\" \/>experimentado&#8217; que ayude a suplir esa carencia en alguien que no tenga experiencia pol\u00edtica ni trayectoria en el servicio p\u00fablico, cual es su caso.<\/p>\n<p style=\"text-align: justify;\">Sin embargo, durante una entrevista con la periodista Adela Micha, la orgullosa hija de F\u00e9lix Salgado &#8216;minti\u00f3&#8217; al negar que su padre es quien lleva la batuta en su campa\u00f1a, pues asegur\u00f3 que su progenitor solo la acompa\u00f1a en \u00ab<strong>algunos eventos<\/strong>\u00ab, porque \u00ab<strong>no puede estar en todos<\/strong>\u00ab, cosa en los hechos es totalmente falso; y &#8216;traicion\u00f3&#8217; el pacto de alianza <img loading=\"lazy\" decoding=\"async\" class=\"alignleft size-medium wp-image-1227653\" src=\"https:\/\/www.acapulco.press\/wp-content\/uploads\/2021\/05\/evelyn-y-adela-micha3-375x196.png\" alt=\"\" width=\"375\" height=\"196\" \/>que dice tener con \u00abtodas las mujeres\u00bb al evadir el tema respecto a si ese pacto de defensa y justicia incluye a las mujeres que acusan a su padre de \u00abviolador\u00bb y a lo cual Evelyn respondi\u00f3 que mientras no haya una sentencia o un papel escrito que acredite dicho delito, su padre no puede ser considerado como tal.<\/p>\n<p style=\"text-align: justify;\">Dicho sarc\u00e1sticamente, Adela Micha entrevist\u00f3 a cinco personalidades diferentes en una misma persona: A \u2018Juanita\u2019, a una versi\u00f3n morenista de\u00a0 \u2018La Chimoltrufia\u2019, a \u2018Pinochita\u2019, a <img loading=\"lazy\" decoding=\"async\" class=\"alignleft size-medium wp-image-1227654\" src=\"https:\/\/www.acapulco.press\/wp-content\/uploads\/2021\/05\/evelyn-y-adela-micha4-375x217.png\" alt=\"\" width=\"375\" height=\"217\" \/>\u2018Amlita\u2019&#8230; y a \u2018Evelyn Salgado Pineda\u2019, pues as\u00ed como dijo &#8216;una cosa, dijo otra&#8217;\u00a0 y minti\u00f3 en algunas verdad que son p\u00fablicas e hizo suyas palabras de Andr\u00e9s Manuel L\u00f3pez Obrador que son piedra angular en su campa\u00f1a porque considera fundamentales para instaurar la Cuarta Transformaci\u00f3n en Guerrero.<\/p>\n<p style=\"text-align: justify;\">&#8216;Juanita&#8217; le explic\u00f3 a Adela Micha que Evelyn Salgado no es &#8216;Juanita&#8217;, porque una &#8216;Juanita&#8217; \u00abes cuando llegas a un cargo, a un poder, y te quitas para que llegue el hombre\u00bb<em> (sic)<\/em>. \u00abEn el caso de Evelyn Salgado, te lo digo de verdad, honestamente, no me voy a quitar\u00bb, sostuvo con &#8216;firmeza&#8217;.<\/p>\n<p style=\"text-align: justify;\">En cuanto a las riendas de su campa\u00f1a que p\u00fablicamente ser observa las lleva bien asidas F\u00e9lix Salgado, Evelyn sostuvo que \u00abas decisiones las toma Evelyn Salgado Pineda\u00bb.<\/p>\n<p style=\"text-align: justify;\">Al hablar en primera persona, subray\u00f3 que su padre \u00abha formado mujeres independientes, mujeres con criterio, mujeres con decisiones, valientes, y en ning\u00fan momento, ni \u00e9l me lo ha pedido, ni yo lo permitir\u00eda, porque yo creo que eso es una burla tambi\u00e9n para el pueblo. En ning\u00fan momento \u00e9l va a tener injerencia o va a tomar decisiones pol\u00edticas, sino que va a ser Evelyn\u00bb, precis\u00f3.<\/p>\n<p style=\"text-align: justify;\">\u00ab\u00bfPor qu\u00e9 tendr\u00edamos que creerte eso, Evelyn, si la verdad es que tu padre ha estado contigo todo el tiempo desde tu inicio de campa\u00f1a; adem\u00e1s, es tu mentor pol\u00edtico, es tu aliado pol\u00edtico\u2026 por qu\u00e9 creerte lo que dices,\u00a0 si \u00e9l todav\u00eda anda diciendo que \u2018hay toro\u2019?\u00bb, le cuestion\u00f3 la periodista.<\/p>\n<p style=\"text-align: justify;\">\u00abComo te he dicho,\u00a0 \u00e9l respeta totalmente (mis) decisiones. Efectivamente, me acompa\u00f1a en la gira, en ALGUNOS ENEVENTOS, porque NO PUEDE ESTAR EN TODOS; me acompa\u00f1a con algunas personas, porque el mismo movimiento, la misma gente, la misma gente guerrerense, pues pide a F\u00e9lix Salgado. De repente quieren escucharlo. Y no podemos negar que no se puede explicar lo que ha sido el movimiento de F\u00e9lix Salgado sin F\u00e9lix Salgado, ya que \u00e9l es el precursor de este movimiento\u00bb, respondi\u00f3.<\/p>\n<p style=\"text-align: justify;\">Para justificar la lucha social que algunos medios le cuestionan, Evelyn Salgado inform\u00f3 que ha estado con su padre en la lucha social desde hace m\u00e1s de 30 a\u00f1os, desde muy peque\u00f1a, desde que ten\u00eda 6 a\u00f1os, cuando abr\u00eda los eventos de L\u00f3pez Obrador y Cuauht\u00e9moc C\u00e1rdenas con poes\u00edas y mensajes a los ni\u00f1os y los j\u00f3venes desde 1989, cuando dio inicio la era perredista en Guerrero.<\/p>\n<p style=\"text-align: justify;\">La candadata de Morena explic\u00f3 tambi\u00e9n que la presencia de su padre en su campa\u00f1a es para que explique la analog\u00eda de su movimiento, la ra\u00edz de la frase &#8216;hay toro&#8217;, la cual no es m\u00e1s que una expresi\u00f3n no de misoginia, sino de lucha; un grito de unidad, de alegr\u00eda, que dicen hombres, mujeres y ni\u00f1os para respaldar al \u2018toro sin cerca\u2019, su padre, al movimiento, a esa lucha que \u00e9l lleva por m\u00e1s de 30 a\u00f1os, lo cual parece explicar por qu\u00e9 no hay propuestas de gobierno en su campa\u00f1a, solo analog\u00edas y cr\u00f3nicas de ensalzamiento hacia su padre.<\/p>\n<p style=\"text-align: justify;\">Sin embargo, astutamente Evelyn Salgado aclara:\u00bb Que &#8216;haya toro&#8217; no significa que \u2018hay toro\u2019 porque va estar el \u2018toro\u2019 o F\u00e9lix Salgado Macedonio gobernando\u00bb.<\/p>\n<p style=\"text-align: justify;\">Cu\u00e9ntame: \u00abSe dice de ti que no tienes oficio pol\u00edtico, no tienes experiencia, no tienes preparaci\u00f3n, eres una mujer joven, pero no tienes una trayectoria en el servicio p\u00fablico ni tienes el oficio pol\u00edtico, y Guerrero\u00a0 es un estado es muy complejo. Las cr\u00edticas hacia Evelyn Salgado es por le heredaron la candidatura, pero no tienes el oficio pol\u00edtico\u00bb, arremeti\u00f3 Adela Micha.<\/p>\n<p style=\"text-align: justify;\">\u00abEn lo poco se ve lo mucho\u00bb, se defendi\u00f3 Evelyn Saldado, quien rese\u00f1\u00f3 que en cuesti\u00f3n del servicio p\u00fablico a los 22 a\u00f1os estuvo al frente de un DIF municipal.<\/p>\n<p style=\"text-align: justify;\">\u00abAlgunas personas pensar\u00e1n que es algo, pues, peque\u00f1o, pero yo creo que cuando se trata de los valores, la honradez, y de la honestidad, pues no existe la edad\u00bb.<\/p>\n<p style=\"text-align: justify;\">\u00abEn lo poco se ve lo mucho\u00bb, insisti\u00f3. El el DIF Acapulco demostr\u00f3 tener la capacidad de ser buena administradora y de ser una mujer honesta. De ese encargo revela que del 2005 al 2008 \u00abdesarrollamos muchos programas, aqu\u00ed en Acapulco y aqu\u00ed en Guerrero (sic).\u00a0 \u00abMucha gente se dio cuenta del trabajo que realic\u00e9 En ese momento, siendo m\u00e1s joven, una mujer joven, de 22 a\u00f1os, pude haber hecho las cosas mal, pude haber tenido alguna acusaci\u00f3n de malos manejos, de corrupci\u00f3n, pero estoy limpia, estoy transparente\u00bb, sostuvo.<\/p>\n<p style=\"text-align: justify;\">Adela Micha escuch\u00f3 y escuch\u00f3, aunque se le notaba que al igual que los espectadores de la entrevista hac\u00eda un esfuerzo por enrutar las palabras que en ocasiones\u00a0 se perd\u00edan en la dicci\u00f3n y la ocurrencia; lo mismo dec\u00eda una cosa que otra o se perd\u00eda en el tema y evad\u00eda otros.<\/p>\n<p style=\"text-align: justify;\">Y finalmente acept\u00f3 lo que tanto se le ha criticado: \u00abA lo mejor no tengo esa experiencia en los cargos p\u00fablicos que pudieran tener algunos otros pol\u00edticos o algunos otros grandes pol\u00edticos, pero tampoco creo que eso garantice que sepas c\u00f3mo llevar un estado o que hable de gobernabilidad o que hable de otro tipo de cuestiones. Yo creo que la experiencia tiene que ser en &#8216;no mentir, no robar, no traicionar&#8217; , ser una mujer honesta y, como yo siempre les digo en los recorridos, en que le voy a poner toda el alma, el coraz\u00f3n y la voluntad pol\u00edtica\u00bb.<\/p>\n<p style=\"text-align: justify;\">\u00abPuede haber mucha experiencia, pero hemos tenido muchos casos de grandes pol\u00edticos que han estudiado en grandes universidades, con una gran experiencia y trayectoria en el servicio p\u00fablico, pero que a la hora de demostrar, que a la hora de ayudar, traicionan a su pueblo. Entonces, yo creo que no tiene mucha relaci\u00f3n (tener experiencia); creo que (saber gobernar) va m\u00e1s de la mano de la voluntad pol\u00edtica, y por qu\u00e9 no, de rodearse de personas que sepan, con experiencia, personas honestas, personas que tengan toda la capacidad y la voluntad para ayudar\u00bb, explic\u00f3.<\/p>\n<p style=\"text-align: justify;\">Sobre su equipo de trabajo, la candidata de Morena revel\u00f3 que se hizo rodear de algunas personas que no est\u00e1n complemente identificadas con alg\u00fan partido pol\u00edtico; son t\u00e9cnicos en la materia, son doctores, son abogados, son cient\u00edficos, son personas que est\u00e1n de acuerdo a los perfiles y a la materia que saben, que conocen, y son ellos, sin la influencia de su padre, los que le plantean los planes de trabajo, los proyectos que tienen. \u00abMientras te rodees de un buen equipo de nada sirve que tengas toda la experiencia del mundo, si te vas a rodear de personas que se van a dedicar a robar\u00bb, suscribi\u00f3.<\/p>\n<p style=\"text-align: justify;\">Aunque Evelyn Salgado se dijo estar preparada para enfrentar en Estado donde permean la pobreza, la inseguridad y el narcotr\u00e1fico, sin decir c\u00f3mo, se limit\u00f3 a resumir que Guerrero tiene una \u00abriqueza gastron\u00f3mica, una riqueza cultural, una riqueza natural envidiable\u00bb, por tal motivo, no se necesita a apagar el fuego con el mismo fuego, por tal motivo se apegar\u00e1 a los principios de la Cuarta Transformaci\u00f3n y al estilo de hacer pol\u00edtica del Presidente Andr\u00e9s Manuel\u00a0 L\u00f3pez Obrador para \u00abpacificar Guerrero\u00bb.<\/p>\n<p style=\"text-align: justify;\">Los ejes de su gobierno se basar\u00e1n en el precepto de que \u00ab<strong>no puede haber un Guerrero tan rico con un pueblo pobre<\/strong>\u00ab, culmin\u00f3 la candidata de Morena, que prometi\u00f3 un gobierno sin discursos del pasado y sin cacicazgos, pero con una nueva generaci\u00f3n de mujeres y de j\u00f3venes que demostrar\u00e1n que en el Gobierno de Evelyn Salgado habr\u00e1 \u00abcapacidad de poder gobernar, resolver conflictos, de ir a lo que es el origen de los conflictos y pacificar Guerrero, de la manera correcta, porque el fuego no se apaga con mas fuego\u00bb, subray\u00f3, sin aclarar si dicha pacificaci\u00f3n ser\u00e1 similar a la implementada por L\u00f3pez Obrador en el pa\u00eds &#8211;a puros &#8216;abrazos&#8217; con el crimen organizado y el narcotr\u00e1fico-, o con medidas m\u00e1s sutiles y eficientes que garanticen la seguridad de los guerrerenses.<\/p>\n<p><iframe loading=\"lazy\" title=\"ENTREVISTA DE ADELA MICHA A EVELYN &#039;LA TORA&#039; SALGADO\" width=\"1160\" height=\"653\" src=\"https:\/\/www.youtube.com\/embed\/VQi0Fxnd66w?feature=oembed\" frameborder=\"0\" allow=\"accelerometer; autoplay; clipboard-write; encrypted-media; gyroscope; picture-in-picture; web-share\" referrerpolicy=\"strict-origin-when-cross-origin\" allowfullscreen><\/iframe><\/p>\n<p>www.<strong>acapulco.press<\/strong><\/p>\n","protected":false},"excerpt":{"rendered":"<p>* \u00abNo puede haber un Guerrero rico con un pueblo pobre\u00bb, dice la candidata de Morena a gobernadora de Guerrero, parafraseando la frase correcta de AMLO: \u00abno puede haber gobierno rico con pueblo pobre\u00bb.\u00a0 * En Guerrero se enarbolar\u00e1n los \u00b4principios de la Cuarta Transformaci\u00f3n y los preceptos de gobierno del Presidente L\u00f3pez Obrador, como&#8230;<\/p>\n","protected":false},"author":2,"featured_media":1227652,"comment_status":"closed","ping_status":"closed","sticky":false,"template":"","format":"standard","meta":{"footnotes":""},"categories":[1972,18574],"tags":[3251,8247,8467,11239,13297],"class_list":["post-1227650","post","type-post","status-publish","format-standard","has-post-thumbnail","hentry","category-special","category-gobierno-la-foto","tag-adela-micha","tag-evelyn-salgado-macedonio","tag-felix-salgado-macedonio","tag-juanita-salgado","tag-morena"],"_links":{"self":[{"href":"https:\/\/www.acapulcopress.com\/index.php\/wp-json\/wp\/v2\/posts\/1227650","targetHints":{"allow":["GET"]}}],"collection":[{"href":"https:\/\/www.acapulcopress.com\/index.php\/wp-json\/wp\/v2\/posts"}],"about":[{"href":"https:\/\/www.acapulcopress.com\/index.php\/wp-json\/wp\/v2\/types\/post"}],"author":[{"embeddable":true,"href":"https:\/\/www.acapulcopress.com\/index.php\/wp-json\/wp\/v2\/users\/2"}],"replies":[{"embeddable":true,"href":"https:\/\/www.acapulcopress.com\/index.php\/wp-json\/wp\/v2\/comments?post=1227650"}],"version-history":[{"count":0,"href":"https:\/\/www.acapulcopress.com\/index.php\/wp-json\/wp\/v2\/posts\/1227650\/revisions"}],"wp:featuredmedia":[{"embeddable":true,"href":"https:\/\/www.acapulcopress.com\/index.php\/wp-json\/"}],"wp:attachment":[{"href":"https:\/\/www.acapulcopress.com\/index.php\/wp-json\/wp\/v2\/media?parent=1227650"}],"wp:term":[{"taxonomy":"category","embeddable":true,"href":"https:\/\/www.acapulcopress.com\/index.php\/wp-json\/wp\/v2\/categories?post=1227650"},{"taxonomy":"post_tag","embeddable":true,"href":"https:\/\/www.acapulcopress.com\/index.php\/wp-json\/wp\/v2\/tags?post=1227650"}],"curies":[{"name":"wp","href":"https:\/\/api.w.org\/{rel}","templated":true}]}}