{"id":1227667,"date":"2021-05-17T21:30:03","date_gmt":"2021-05-18T02:30:03","guid":{"rendered":"https:\/\/www.acapulco.press\/?p=1227667"},"modified":"2021-05-17T21:30:03","modified_gmt":"2021-05-18T02:30:03","slug":"ricardo-taja-terminara-carretera-de-el-veladero","status":"publish","type":"post","link":"https:\/\/www.acapulcopress.com\/index.php\/2021\/05\/17\/ricardo-taja-terminara-carretera-de-el-veladero\/","title":{"rendered":"Ricardo #Taja terminar\u00e1 carretera de El Veladero"},"content":{"rendered":"<p style=\"text-align: justify;\">*<em> Se adhiere regidora de Morena al proyecto de #Taja<\/em><\/p>\n<p>] ACAPULCO, Gro. * 17 de mayo de 2021.<br \/>\n<em>) Especial<\/em><\/p>\n<p style=\"text-align: justify;\">El candidato a la presidencia municipal de Acapulco por la alianza PRI-PRD, Ricardo Taja Ram\u00edrez, comprometi\u00f3 su <img loading=\"lazy\" decoding=\"async\" class=\"alignleft size-medium wp-image-1227673\" src=\"https:\/\/www.acapulco.press\/wp-content\/uploads\/2021\/05\/TAJ-VELNADERO6-375x250.jpeg\" alt=\"\" width=\"375\" height=\"250\" \/>palabra ante los colonos de El Veladero para terminar la construcci\u00f3n de su carretera.<\/p>\n<p style=\"text-align: justify;\">Al visitar El Veladero, acompa\u00f1ado del regidor Alain Moreno y el s\u00edndico del ayuntamiento Javier Solorio, ambos de Morena, Ricardo Taja recibi\u00f3 la adhesi\u00f3n a su proyecto de la regidora morenista Mar\u00eda Azucena Uribe, quien expres\u00f3 su coincidencia con las propuestas de Taja Ram\u00edrez. \u201cEstar con Ricardo Taja es estar del lado correcto, con la visi\u00f3n de altura de gobernar de manera plural\u201d.<\/p>\n<p style=\"text-align: justify;\">Taja Ram\u00edrez manifest\u00f3 su alegr\u00eda al continuar sumando a <img loading=\"lazy\" decoding=\"async\" class=\"alignleft size-medium wp-image-1227673\" src=\"https:\/\/www.acapulco.press\/wp-content\/uploads\/2021\/05\/TAJ-VELNADERO6-375x250.jpeg\" alt=\"\" width=\"375\" height=\"250\" \/>m\u00e1s ciudadanos a su proyecto al afirmar que cada d\u00eda se suman a su candidatura gente de buena voluntad que estaba en otros partidos.<\/p>\n<p style=\"text-align: justify;\">\u201cEsta campa\u00f1a rebasa los partidos pol\u00edticos, los colores, este es un proyecto de gran inclusi\u00f3n, es un proyecto ciudadano al que le importa los ciudadanos, las familias, las colonias no los partidos, sean bienvenidos todos, lo que queremos es que en Acapulco mejoren las condiciones de vida\u201d enfatiz\u00f3.<\/p>\n<p style=\"text-align: justify;\">Don Epifanio L\u00f3pez agradeci\u00f3 a Ricardo Taja su presencia en el poblado tras indicar que nadie hab\u00eda subido a verlos por lo <img loading=\"lazy\" decoding=\"async\" class=\"alignleft size-medium wp-image-1227671\" src=\"https:\/\/www.acapulco.press\/wp-content\/uploads\/2021\/05\/TAJ-VELNADERO4-375x250.jpeg\" alt=\"\" width=\"375\" height=\"250\" \/>que refrend\u00f3 su compromiso para apoyarlo el d\u00eda de las elecciones con su voto.<\/p>\n<p style=\"text-align: justify;\">\u201cRicardo te aseguro que el 6 de junio a las 6 de la tarde t\u00fa ser\u00e1s el presidente municipal de Acapulco; te refrendo mi compromiso y te digo que desde hoy tienes mi voto, sabemos de tu proyecto y ha convencido a toda la comunidad del El Veladero. Aqu\u00ed est\u00e1 tu gente, nunca te vamos a dejar\u201d.<\/p>\n<p style=\"text-align: justify;\">Don Epifanio pidi\u00f3 a sus vecinos a darle el voto tambi\u00e9n a Mario Moreno para que los proyectos de Taja caminen con el respaldo del candidato a gobernador.<\/p>\n<p style=\"text-align: justify;\"><img loading=\"lazy\" decoding=\"async\" class=\"alignleft size-medium wp-image-1227670\" src=\"https:\/\/www.acapulco.press\/wp-content\/uploads\/2021\/05\/TAJ-VELNADERO3-375x250.jpeg\" alt=\"\" width=\"375\" height=\"250\" \/>\u201cTe encargo que no te olvides de nosotros, yo no soy trabajador eventual, soy de base, pero por eso te pido de que no olvides los compromisos aunque s\u00e9 que eres hombre de palabra\u201d, concluy\u00f3.<\/p>\n<p style=\"text-align: justify;\">Acompa\u00f1ado de la delegada de la Zapata, Maricruz Duarte, Ricardo Taja Ram\u00edrez dijo que impulsar\u00e1 para que el poblado cuente con un m\u00e9dico las 24 horas del d\u00eda, el Centro de salud equipado con medicamentos, oportunidad a los j\u00f3venes de la zona rural apoy\u00e1ndolos con herramientas para que sus tierras sean producidas.<\/p>\n<p style=\"text-align: justify;\"><img loading=\"lazy\" decoding=\"async\" class=\"alignleft size-medium wp-image-1227670\" src=\"https:\/\/www.acapulco.press\/wp-content\/uploads\/2021\/05\/TAJ-VELNADERO3-375x250.jpeg\" alt=\"\" width=\"375\" height=\"250\" \/>Lament\u00f3 que la gente le externe estar cansada de no tener oportunidades de un desarrollo correcto y adecuado porque les quitaron los proyectos de ma\u00edz, Prospera y apoyos para el campo. Yo les digo a mis amigos que a\u00f1o con a\u00f1o les entregar\u00e9 ma\u00edz, impulsar\u00e9 que el campo no sea marginado sino que sea de oportunidades, extern\u00f3.<\/p>\n<p style=\"text-align: justify;\">Se\u00f1al\u00f3 que tiene un gran compromiso con todos los habitantes de El Veladero por lo que trabajar\u00e1 con todo para poder mejorar las condiciones de vida para las mujeres del campo, que haya programas y talleres donde puedan generar ingresos econ\u00f3micos y que exista un apoyo real al deporte, cultura y a las escuelas de la zona rural.<\/p>\n<p style=\"text-align: justify;\">\u201cHay muchas carencias y en tres a\u00f1os no acabar\u00e1n todas, pero asumir\u00e9 mi responsabilidad de la mano del presidente Andr\u00e9s Manuel L\u00f3pez Obrador, para ir avanzando y cumplir con sus principales demandas\u201d, se\u00f1al\u00f3.<\/p>\n<p style=\"text-align: justify;\">El candidato de la coalici\u00f3n \u201cVa por Guerrero\u201d salud\u00f3 a los vecinos de las colonias Lomas Verdes, 24 de octubre y Caudillos del Sur con quienes hizo el compromiso de construir una cancha de usos m\u00faltiples y mejorar el problema del agua y del drenaje.<\/p>\n","protected":false},"excerpt":{"rendered":"<p>* Se adhiere regidora de Morena al proyecto de #Taja ] ACAPULCO, Gro. * 17 de mayo de 2021. ) Especial El candidato a la presidencia municipal de Acapulco por la alianza PRI-PRD, Ricardo Taja Ram\u00edrez, comprometi\u00f3 su palabra ante los colonos de El Veladero para terminar la construcci\u00f3n de su carretera. Al visitar El&#8230;<\/p>\n","protected":false},"author":2,"featured_media":1227669,"comment_status":"closed","ping_status":"closed","sticky":false,"template":"","format":"standard","meta":{"footnotes":""},"categories":[2052,18561],"tags":[5938,15607],"class_list":["post-1227667","post","type-post","status-publish","format-standard","has-post-thumbnail","hentry","category-elecciones","category-society-politics","tag-coalicion-pri-prd","tag-ricardo-taja-ramirez-presidencia-de-acapulco"],"_links":{"self":[{"href":"https:\/\/www.acapulcopress.com\/index.php\/wp-json\/wp\/v2\/posts\/1227667","targetHints":{"allow":["GET"]}}],"collection":[{"href":"https:\/\/www.acapulcopress.com\/index.php\/wp-json\/wp\/v2\/posts"}],"about":[{"href":"https:\/\/www.acapulcopress.com\/index.php\/wp-json\/wp\/v2\/types\/post"}],"author":[{"embeddable":true,"href":"https:\/\/www.acapulcopress.com\/index.php\/wp-json\/wp\/v2\/users\/2"}],"replies":[{"embeddable":true,"href":"https:\/\/www.acapulcopress.com\/index.php\/wp-json\/wp\/v2\/comments?post=1227667"}],"version-history":[{"count":0,"href":"https:\/\/www.acapulcopress.com\/index.php\/wp-json\/wp\/v2\/posts\/1227667\/revisions"}],"wp:featuredmedia":[{"embeddable":true,"href":"https:\/\/www.acapulcopress.com\/index.php\/wp-json\/"}],"wp:attachment":[{"href":"https:\/\/www.acapulcopress.com\/index.php\/wp-json\/wp\/v2\/media?parent=1227667"}],"wp:term":[{"taxonomy":"category","embeddable":true,"href":"https:\/\/www.acapulcopress.com\/index.php\/wp-json\/wp\/v2\/categories?post=1227667"},{"taxonomy":"post_tag","embeddable":true,"href":"https:\/\/www.acapulcopress.com\/index.php\/wp-json\/wp\/v2\/tags?post=1227667"}],"curies":[{"name":"wp","href":"https:\/\/api.w.org\/{rel}","templated":true}]}}