{"id":1227685,"date":"2021-05-17T22:46:49","date_gmt":"2021-05-18T03:46:49","guid":{"rendered":"https:\/\/www.acapulco.press\/?p=1227685"},"modified":"2021-05-17T22:46:49","modified_gmt":"2021-05-18T03:46:49","slug":"costa-grande-ve-en-mario-moreno-a-un-gobernante-de-respeto-y-confianza","status":"publish","type":"post","link":"https:\/\/www.acapulcopress.com\/index.php\/2021\/05\/17\/costa-grande-ve-en-mario-moreno-a-un-gobernante-de-respeto-y-confianza\/","title":{"rendered":"Costa Grande ve en Mario Moreno a un gobernante de respeto y confianza"},"content":{"rendered":"<p style=\"text-align: justify;\">] PETATL\u00c1N, Gro. * 17 de mayo de 2021.<br \/>\n<em>) Especial.<\/em><\/p>\n<p style=\"text-align: justify;\">Hombres y mujeres de la Costa Grande le expresaron su sentir y apoyo a Mario Moreno Arcos como abanderado de la coalici\u00f3n PRI\/PRD, pues lo ven como un gobernante de \u00abrespeto y confianza\u00bb para las y los guerrerenses, pues aseguran que es un hombre sencillo, amable, accesible y sobre todo comprometido.<\/p>\n<p style=\"text-align: justify;\">La se\u00f1ora Grisel Galeana Cadena, originaria de este municipio, expres\u00f3 la confianza que Mario Moreno Arcos le ha dado a las mujeres del estado, pues \u00abpara m\u00ed es el mejor candidato que hasta ahorita hay para Guerrero. Y en <img loading=\"lazy\" decoding=\"async\" class=\"alignleft size-full wp-image-1227687\" src=\"https:\/\/www.acapulco.press\/wp-content\/uploads\/2021\/05\/Grisel-Galeana-Cadena.jpg\" alt=\"\" width=\"362\" height=\"339\" \/>realidad no quiero hablar mal de la otra parte (Morena), pero \u00e9l si es un se\u00f1or de respeto\u00bb enfatiz\u00f3.<\/p>\n<p style=\"text-align: justify;\">\u201cEs un hombre responsable y que trae buenas ideas y buenos proyectos para Guerrero y pues creo que nos va a ir bien con don Mario Moreno Arcos, como gobernador\u201d apunt\u00f3.<\/p>\n<p style=\"text-align: justify;\">Tambi\u00e9n a\u00f1adi\u00f3 que conoce a Mario Moreno, sabe que es una persona que genera confianza por su sencillez y amabilidad y que eso lo hace \u00abel candidato id\u00f3neo para Guerrero\u00bb.<\/p>\n<p style=\"text-align: justify;\">Por su parte, Francisco Abarca, un hombre que asisti\u00f3 al evento de Moreno Arcos para escuchar de viva voz las propuestas que tiene para los pescadores y para el campo guerrerense, dijo que conf\u00eda en el apoyo que dar\u00e1 a las familias, pues en ya lo ha demostrado desde sus distintos encargos, dijo.<\/p>\n<p style=\"text-align: justify;\"><img loading=\"lazy\" decoding=\"async\" class=\"alignleft size-medium wp-image-1227688\" src=\"https:\/\/www.acapulco.press\/wp-content\/uploads\/2021\/05\/Olivia-Dionicio-Casiano-375x250.jpg\" alt=\"\" width=\"375\" height=\"250\" \/>\u201cEn los hechos si hay confianza porque se ha visto en las cosas, en todos lados donde ha sido el candidato ha ganado y ha apoyado a la gente siempre, desde los otros puestos que ha tenido\u201d reiter\u00f3.<\/p>\n<p>Y aunque en su caso, la se\u00f1ora Olivia Dionicio Casiano, no conoc\u00eda personalmente a Mario Moreno, relata que una amiga le platic\u00f3 de \u00e9l y le dijo que ha hecho muchos proyectos por la gente, que los ha apoyado siempre.<\/p>\n<p style=\"text-align: justify;\">\u201cPor eso yo estoy aqu\u00ed, porque me han platicado que es una persona que si vale pues, porque cumple lo que promete y por eso voy a dar mi voto por \u00e9l\u201d dijo emocionada.<\/p>\n<p style=\"text-align: justify;\">Finalmente expres\u00f3 que tiene mucha confianza en que Mario Moreno ser\u00e1 el gobernador del estado y podr\u00e1 beneficiar a su municipio que tiene muchas necesidades: \u00abA ver si \u00e9l nos puede echar la mano ya que est\u00e9 arriba para que salgamos adelante, el pueblo y todas las personas le vamos a dar el voto, que conf\u00ede en nosotros\u00bb dijo.<\/p>\n","protected":false},"excerpt":{"rendered":"<p>] PETATL\u00c1N, Gro. * 17 de mayo de 2021. ) Especial. Hombres y mujeres de la Costa Grande le expresaron su sentir y apoyo a Mario Moreno Arcos como abanderado de la coalici\u00f3n PRI\/PRD, pues lo ven como un gobernante de \u00abrespeto y confianza\u00bb para las y los guerrerenses, pues aseguran que es un hombre&#8230;<\/p>\n","protected":false},"author":2,"featured_media":1227686,"comment_status":"closed","ping_status":"closed","sticky":false,"template":"","format":"standard","meta":{"footnotes":""},"categories":[2052,18561],"tags":[3684,5928,9302,12685],"class_list":["post-1227685","post","type-post","status-publish","format-standard","has-post-thumbnail","hentry","category-elecciones","category-society-politics","tag-alianza-pri-prd-guerrero-2021","tag-coalicion-va-por-guerrero","tag-gobierno-de-guerrero","tag-mario-moreno-arcos"],"_links":{"self":[{"href":"https:\/\/www.acapulcopress.com\/index.php\/wp-json\/wp\/v2\/posts\/1227685","targetHints":{"allow":["GET"]}}],"collection":[{"href":"https:\/\/www.acapulcopress.com\/index.php\/wp-json\/wp\/v2\/posts"}],"about":[{"href":"https:\/\/www.acapulcopress.com\/index.php\/wp-json\/wp\/v2\/types\/post"}],"author":[{"embeddable":true,"href":"https:\/\/www.acapulcopress.com\/index.php\/wp-json\/wp\/v2\/users\/2"}],"replies":[{"embeddable":true,"href":"https:\/\/www.acapulcopress.com\/index.php\/wp-json\/wp\/v2\/comments?post=1227685"}],"version-history":[{"count":0,"href":"https:\/\/www.acapulcopress.com\/index.php\/wp-json\/wp\/v2\/posts\/1227685\/revisions"}],"wp:featuredmedia":[{"embeddable":true,"href":"https:\/\/www.acapulcopress.com\/index.php\/wp-json\/"}],"wp:attachment":[{"href":"https:\/\/www.acapulcopress.com\/index.php\/wp-json\/wp\/v2\/media?parent=1227685"}],"wp:term":[{"taxonomy":"category","embeddable":true,"href":"https:\/\/www.acapulcopress.com\/index.php\/wp-json\/wp\/v2\/categories?post=1227685"},{"taxonomy":"post_tag","embeddable":true,"href":"https:\/\/www.acapulcopress.com\/index.php\/wp-json\/wp\/v2\/tags?post=1227685"}],"curies":[{"name":"wp","href":"https:\/\/api.w.org\/{rel}","templated":true}]}}