{"id":1227693,"date":"2021-05-17T23:22:59","date_gmt":"2021-05-18T04:22:59","guid":{"rendered":"https:\/\/www.acapulco.press\/?p=1227693"},"modified":"2021-05-17T23:22:59","modified_gmt":"2021-05-18T04:22:59","slug":"le-vamos-a-ganar-al-ventrilocuo-y-a-su-muneca-advierte-dirigente-nacional-del-prd","status":"publish","type":"post","link":"https:\/\/www.acapulcopress.com\/index.php\/2021\/05\/17\/le-vamos-a-ganar-al-ventrilocuo-y-a-su-muneca-advierte-dirigente-nacional-del-prd\/","title":{"rendered":"\u00abLe vamos a ganar al ventr\u00edlocuo y a su mu\u00f1eca\u00bb, advierte dirigente nacional del PRD"},"content":{"rendered":"<p style=\"text-align: justify;\">* Mario Moreno Arcos encabeza las preferencias electorales en Guerrero y va por la victoria, augura Jes\u00fas Zambrano<br \/>\n<strong>* En la oposici\u00f3n est\u00e1n preocupados y ya andan diciendo que vamos a hacer fraude electoral, se\u00f1al\u00f3 el dirigente nacional del PRD.<\/strong><\/p>\n<p style=\"text-align: justify;\">] ACAPULCO, Gro. * 17 de mayo de 2021.<br \/>\n<em>) Especial.<br \/>\n<\/em><br \/>\nEl dirigente nacional del PRD Jes\u00fas Zambrano Grijalva, se\u00f1al\u00f3 que Mario Moreno Arcos, ya est\u00e1 a la cabeza en las preferencias electorales, pues las tendencias que marcan distintas casas encuestadoras lo respaldan y por eso la alianza PRI-PRD se acerca a la victoria del pr\u00f3ximo 6 de junio, pues as\u00ed lo ha decidido el pueblo de Guerrero.<\/p>\n<p style=\"text-align: justify;\">En conferencia de prensa desde Acapulco, Zambrano Grijalva, dijo que los adversarios principales se dec\u00edan ya vencedores y que \u00abtra\u00edan el triunfo en la bolsa\u00bb, sin embargo, actualmente, \u00absomos nosotros claramente los ganadores con Mario Moreno\u00bb enfatiz\u00f3.<\/p>\n<p style=\"text-align: justify;\">Se\u00f1al\u00f3 que en cada jornada proselitista est\u00e1n viendo el \u00e1nimo de la gente y la confianza que ha generado la alianza PRI-PRD y \u00abempiezan a decir que la oposici\u00f3n de la mano del INE, el \u00e1rbitro electoral, les queremos hacer fraude; \u00abNos est\u00e1n acusando de querer hacer fraude electoral porque les vamos a ganar\u00bb apunt\u00f3<\/p>\n<p style=\"text-align: justify;\">Indic\u00f3 que no le sorprender\u00eda que en la ma\u00f1anera del 7 de junio, saliera L\u00f3pez Obrador a decir que \u00abhicieron fraude, nos ganaron porque nos hicieron fraude\u00bb pero \u00able vamos a ganar al ventr\u00edlocuo y a su mu\u00f1eca\u00bb sentenci\u00f3 el dirigente nacional.<\/p>\n<p style=\"text-align: justify;\">Adem\u00e1s dijo que en Morena se han visto envueltos en v\u00ednculos con la delincuencia organizada, especialmente en Acapulco, como lo han expresado medios de comunicaci\u00f3n nacionales y \u00abser\u00eda tr\u00e1gico que aqu\u00ed en Guerrero se institucionalizara desde el gobierno del estado, la vigencia del crimen organizado\u00bb asever\u00f3.<\/p>\n<p style=\"text-align: justify;\">Expres\u00f3 que en Morena ya demostraron que no saben gobernar y en cambio Mario Moreno tiene una candidatura acreditada, \u00abuna candidatura con prestigio pol\u00edtico de muchos a\u00f1os en distintos cargos p\u00fablicos\u00bb, por eso este proyecto pol\u00edtico crece y se fortalece hasta lograr la victoria el primer domingo de junio, por el futuro y el desarrollo, porque As\u00ed Gana Guerrero, expres\u00f3.<\/p>\n","protected":false},"excerpt":{"rendered":"<p>* Mario Moreno Arcos encabeza las preferencias electorales en Guerrero y va por la victoria, augura Jes\u00fas Zambrano * En la oposici\u00f3n est\u00e1n preocupados y ya andan diciendo que vamos a hacer fraude electoral, se\u00f1al\u00f3 el dirigente nacional del PRD. ] ACAPULCO, Gro. * 17 de mayo de 2021. ) Especial. El dirigente nacional del&#8230;<\/p>\n","protected":false},"author":2,"featured_media":1227695,"comment_status":"closed","ping_status":"closed","sticky":false,"template":"","format":"standard","meta":{"footnotes":""},"categories":[2053,1972],"tags":[],"class_list":["post-1227693","post","type-post","status-publish","format-standard","has-post-thumbnail","hentry","category-elecciones-special","category-special"],"_links":{"self":[{"href":"https:\/\/www.acapulcopress.com\/index.php\/wp-json\/wp\/v2\/posts\/1227693","targetHints":{"allow":["GET"]}}],"collection":[{"href":"https:\/\/www.acapulcopress.com\/index.php\/wp-json\/wp\/v2\/posts"}],"about":[{"href":"https:\/\/www.acapulcopress.com\/index.php\/wp-json\/wp\/v2\/types\/post"}],"author":[{"embeddable":true,"href":"https:\/\/www.acapulcopress.com\/index.php\/wp-json\/wp\/v2\/users\/2"}],"replies":[{"embeddable":true,"href":"https:\/\/www.acapulcopress.com\/index.php\/wp-json\/wp\/v2\/comments?post=1227693"}],"version-history":[{"count":0,"href":"https:\/\/www.acapulcopress.com\/index.php\/wp-json\/wp\/v2\/posts\/1227693\/revisions"}],"wp:featuredmedia":[{"embeddable":true,"href":"https:\/\/www.acapulcopress.com\/index.php\/wp-json\/"}],"wp:attachment":[{"href":"https:\/\/www.acapulcopress.com\/index.php\/wp-json\/wp\/v2\/media?parent=1227693"}],"wp:term":[{"taxonomy":"category","embeddable":true,"href":"https:\/\/www.acapulcopress.com\/index.php\/wp-json\/wp\/v2\/categories?post=1227693"},{"taxonomy":"post_tag","embeddable":true,"href":"https:\/\/www.acapulcopress.com\/index.php\/wp-json\/wp\/v2\/tags?post=1227693"}],"curies":[{"name":"wp","href":"https:\/\/api.w.org\/{rel}","templated":true}]}}